{"id":12041,"date":"2019-03-15T17:52:25","date_gmt":"2019-03-15T16:52:25","guid":{"rendered":"https:\/\/chastel-marechal.com\/?p=12041"},"modified":"2019-03-23T16:28:56","modified_gmt":"2019-03-23T15:28:56","slug":"beaux-arts-magazine-les-belles-lignes-du-mobilier-bresilien-septembre-2018","status":"publish","type":"post","link":"https:\/\/chastel-marechal.com\/en\/beaux-arts-magazine-les-belles-lignes-du-mobilier-bresilien-septembre-2018\/","title":{"rendered":"Beaux Arts magazine &#8211; Les belles lignes du mobilier br\u00e9silien &#8211; September 2018"},"content":{"rendered":"<p>[et_pb_section admin_label=&#8221;section&#8221;][et_pb_row admin_label=&#8221;row&#8221;][et_pb_column type=&#8221;4_4&#8243;][et_pb_image admin_label=&#8221;Image&#8221; src=&#8221;https:\/\/chastel-marechal.com\/wp-content\/uploads\/2019\/03\/couv-1.jpg&#8221; show_in_lightbox=&#8221;off&#8221; url_new_window=&#8221;off&#8221; use_overlay=&#8221;off&#8221; animation=&#8221;left&#8221; sticky=&#8221;off&#8221; align=&#8221;left&#8221; force_fullwidth=&#8221;off&#8221; always_center_on_mobile=&#8221;on&#8221; use_border_color=&#8221;off&#8221; border_color=&#8221;#ffffff&#8221; border_style=&#8221;solid&#8221; \/][et_pb_image admin_label=&#8221;Image&#8221; src=&#8221;https:\/\/chastel-marechal.com\/wp-content\/uploads\/2019\/03\/p121-v.jpg&#8221; show_in_lightbox=&#8221;off&#8221; url_new_window=&#8221;off&#8221; use_overlay=&#8221;off&#8221; animation=&#8221;left&#8221; sticky=&#8221;off&#8221; align=&#8221;left&#8221; force_fullwidth=&#8221;off&#8221; always_center_on_mobile=&#8221;on&#8221; use_border_color=&#8221;off&#8221; border_color=&#8221;#ffffff&#8221; border_style=&#8221;solid&#8221; \/][\/et_pb_column][\/et_pb_row][\/et_pb_section]<\/p>\n","protected":false},"excerpt":{"rendered":"","protected":false},"author":2,"featured_media":12042,"comment_status":"open","ping_status":"open","sticky":false,"template":"","format":"standard","meta":{"_et_pb_use_builder":"on","_et_pb_old_content":"","_et_gb_content_width":"","footnotes":""},"categories":[177],"tags":[1550,1046,1490,629,579,1545],"class_list":["post-12041","post","type-post","status-publish","format-standard","has-post-thumbnail","hentry","category-presse-en","tag-beaux-art-magazine","tag-brazil-en","tag-brazilian-design-en","tag-design-en","tag-exhibition","tag-hauner-en"],"yoast_head":"<!-- This site is optimized with the Yoast SEO plugin v25.1 - https:\/\/yoast.com\/wordpress\/plugins\/seo\/ -->\n<title>Beaux Arts magazine - Les belles lignes du mobilier br\u00e9silien - September 2018 - Galerie Chastel Mar\u00e9chal<\/title>\n<meta name=\"description\" content=\"Beaux Arts magazine - Les belles lignes du mobilier br\u00e9silien - September 2018\" \/>\n<meta name=\"robots\" content=\"index, follow, max-snippet:-1, max-image-preview:large, max-video-preview:-1\" \/>\n<link rel=\"canonical\" href=\"https:\/\/chastel-marechal.com\/en\/beaux-arts-magazine-les-belles-lignes-du-mobilier-bresilien-septembre-2018\/\" \/>\n<meta property=\"og:locale\" content=\"en_US\" \/>\n<meta property=\"og:type\" content=\"article\" \/>\n<meta property=\"og:title\" content=\"Beaux Arts magazine - Les belles lignes du mobilier br\u00e9silien - September 2018 - Galerie Chastel Mar\u00e9chal\" \/>\n<meta property=\"og:description\" content=\"Beaux Arts magazine - Les belles lignes du mobilier br\u00e9silien - September 2018\" \/>\n<meta property=\"og:url\" content=\"https:\/\/chastel-marechal.com\/en\/beaux-arts-magazine-les-belles-lignes-du-mobilier-bresilien-septembre-2018\/\" \/>\n<meta property=\"og:site_name\" content=\"Galerie Chastel Mar\u00e9chal\" \/>\n<meta property=\"article:publisher\" content=\"https:\/\/www.facebook.com\/galerie.chastelmarechal\/\" \/>\n<meta property=\"article:published_time\" content=\"2019-03-15T16:52:25+00:00\" \/>\n<meta property=\"article:modified_time\" content=\"2019-03-23T15:28:56+00:00\" \/>\n<meta property=\"og:image\" content=\"https:\/\/chastel-marechal.com\/wp-content\/uploads\/2019\/03\/p121-v.jpg\" \/>\n\t<meta property=\"og:image:width\" content=\"1058\" \/>\n\t<meta property=\"og:image:height\" content=\"1058\" \/>\n\t<meta property=\"og:image:type\" content=\"image\/jpeg\" \/>\n<meta name=\"author\" content=\"Galerie Chastel Mar\u00e9chal\" \/>\n<meta name=\"twitter:card\" content=\"summary_large_image\" \/>\n<meta name=\"twitter:creator\" content=\"@chastelmarechal\" \/>\n<meta name=\"twitter:site\" content=\"@chastelmarechal\" \/>\n<meta name=\"twitter:label1\" content=\"Written by\" \/>\n\t<meta name=\"twitter:data1\" content=\"Galerie Chastel Mar\u00e9chal\" \/>\n\t<meta name=\"twitter:label2\" content=\"Est. reading time\" \/>\n\t<meta name=\"twitter:data2\" content=\"1 minute\" \/>\n<script type=\"application\/ld+json\" class=\"yoast-schema-graph\">{\"@context\":\"https:\/\/schema.org\",\"@graph\":[{\"@type\":\"Article\",\"@id\":\"https:\/\/chastel-marechal.com\/en\/beaux-arts-magazine-les-belles-lignes-du-mobilier-bresilien-septembre-2018\/#article\",\"isPartOf\":{\"@id\":\"https:\/\/chastel-marechal.com\/en\/beaux-arts-magazine-les-belles-lignes-du-mobilier-bresilien-septembre-2018\/\"},\"author\":{\"name\":\"Galerie Chastel Mar\u00e9chal\",\"@id\":\"https:\/\/chastel-marechal.com\/en\/#\/schema\/person\/66b6a71e9773055cbd52957de8999bec\"},\"headline\":\"Beaux Arts magazine &#8211; Les belles lignes du mobilier br\u00e9silien &#8211; September 2018\",\"datePublished\":\"2019-03-15T16:52:25+00:00\",\"dateModified\":\"2019-03-23T15:28:56+00:00\",\"mainEntityOfPage\":{\"@id\":\"https:\/\/chastel-marechal.com\/en\/beaux-arts-magazine-les-belles-lignes-du-mobilier-bresilien-septembre-2018\/\"},\"wordCount\":137,\"commentCount\":0,\"publisher\":{\"@id\":\"https:\/\/chastel-marechal.com\/en\/#organization\"},\"image\":{\"@id\":\"https:\/\/chastel-marechal.com\/en\/beaux-arts-magazine-les-belles-lignes-du-mobilier-bresilien-septembre-2018\/#primaryimage\"},\"thumbnailUrl\":\"https:\/\/chastel-marechal.com\/wp-content\/uploads\/2019\/03\/p121-v.jpg\",\"keywords\":[\"beaux art magazine\",\"brazil\",\"brazilian design\",\"design\",\"exhibition\",\"hauner\"],\"articleSection\":[\"Press\"],\"inLanguage\":\"en-US\",\"potentialAction\":[{\"@type\":\"CommentAction\",\"name\":\"Comment\",\"target\":[\"https:\/\/chastel-marechal.com\/en\/beaux-arts-magazine-les-belles-lignes-du-mobilier-bresilien-septembre-2018\/#respond\"]}]},{\"@type\":\"WebPage\",\"@id\":\"https:\/\/chastel-marechal.com\/en\/beaux-arts-magazine-les-belles-lignes-du-mobilier-bresilien-septembre-2018\/\",\"url\":\"https:\/\/chastel-marechal.com\/en\/beaux-arts-magazine-les-belles-lignes-du-mobilier-bresilien-septembre-2018\/\",\"name\":\"Beaux Arts magazine - Les belles lignes du mobilier br\u00e9silien - September 2018 - Galerie Chastel Mar\u00e9chal\",\"isPartOf\":{\"@id\":\"https:\/\/chastel-marechal.com\/en\/#website\"},\"primaryImageOfPage\":{\"@id\":\"https:\/\/chastel-marechal.com\/en\/beaux-arts-magazine-les-belles-lignes-du-mobilier-bresilien-septembre-2018\/#primaryimage\"},\"image\":{\"@id\":\"https:\/\/chastel-marechal.com\/en\/beaux-arts-magazine-les-belles-lignes-du-mobilier-bresilien-septembre-2018\/#primaryimage\"},\"thumbnailUrl\":\"https:\/\/chastel-marechal.com\/wp-content\/uploads\/2019\/03\/p121-v.jpg\",\"datePublished\":\"2019-03-15T16:52:25+00:00\",\"dateModified\":\"2019-03-23T15:28:56+00:00\",\"description\":\"Beaux Arts magazine - Les belles lignes du mobilier br\u00e9silien - September 2018\",\"breadcrumb\":{\"@id\":\"https:\/\/chastel-marechal.com\/en\/beaux-arts-magazine-les-belles-lignes-du-mobilier-bresilien-septembre-2018\/#breadcrumb\"},\"inLanguage\":\"en-US\",\"potentialAction\":[{\"@type\":\"ReadAction\",\"target\":[\"https:\/\/chastel-marechal.com\/en\/beaux-arts-magazine-les-belles-lignes-du-mobilier-bresilien-septembre-2018\/\"]}]},{\"@type\":\"ImageObject\",\"inLanguage\":\"en-US\",\"@id\":\"https:\/\/chastel-marechal.com\/en\/beaux-arts-magazine-les-belles-lignes-du-mobilier-bresilien-septembre-2018\/#primaryimage\",\"url\":\"https:\/\/chastel-marechal.com\/wp-content\/uploads\/2019\/03\/p121-v.jpg\",\"contentUrl\":\"https:\/\/chastel-marechal.com\/wp-content\/uploads\/2019\/03\/p121-v.jpg\",\"width\":1058,\"height\":1058},{\"@type\":\"BreadcrumbList\",\"@id\":\"https:\/\/chastel-marechal.com\/en\/beaux-arts-magazine-les-belles-lignes-du-mobilier-bresilien-septembre-2018\/#breadcrumb\",\"itemListElement\":[{\"@type\":\"ListItem\",\"position\":1,\"name\":\"Accueil\",\"item\":\"https:\/\/chastel-marechal.com\/en\/\"},{\"@type\":\"ListItem\",\"position\":2,\"name\":\"Beaux Arts magazine &#8211; Les belles lignes du mobilier br\u00e9silien &#8211; September 2018\"}]},{\"@type\":\"WebSite\",\"@id\":\"https:\/\/chastel-marechal.com\/en\/#website\",\"url\":\"https:\/\/chastel-marechal.com\/en\/\",\"name\":\"Galerie Chastel Mar\u00e9chal\",\"description\":\"Arts d\u00e9coratifs du XX\u00e8me si\u00e8cle\",\"publisher\":{\"@id\":\"https:\/\/chastel-marechal.com\/en\/#organization\"},\"potentialAction\":[{\"@type\":\"SearchAction\",\"target\":{\"@type\":\"EntryPoint\",\"urlTemplate\":\"https:\/\/chastel-marechal.com\/en\/?s={search_term_string}\"},\"query-input\":{\"@type\":\"PropertyValueSpecification\",\"valueRequired\":true,\"valueName\":\"search_term_string\"}}],\"inLanguage\":\"en-US\"},{\"@type\":\"Organization\",\"@id\":\"https:\/\/chastel-marechal.com\/en\/#organization\",\"name\":\"Galerie Chastel Mar\u00e9chal\",\"url\":\"https:\/\/chastel-marechal.com\/en\/\",\"logo\":{\"@type\":\"ImageObject\",\"inLanguage\":\"en-US\",\"@id\":\"https:\/\/chastel-marechal.com\/en\/#\/schema\/logo\/image\/\",\"url\":\"https:\/\/www.chastel-marechal.com\/wp-content\/uploads\/2016\/08\/galerie-chastel-marechal-logo.png\",\"contentUrl\":\"https:\/\/www.chastel-marechal.com\/wp-content\/uploads\/2016\/08\/galerie-chastel-marechal-logo.png\",\"width\":800,\"height\":103,\"caption\":\"Galerie Chastel Mar\u00e9chal\"},\"image\":{\"@id\":\"https:\/\/chastel-marechal.com\/en\/#\/schema\/logo\/image\/\"},\"sameAs\":[\"https:\/\/www.facebook.com\/galerie.chastelmarechal\/\",\"https:\/\/x.com\/chastelmarechal\",\"https:\/\/www.instagram.com\/galeriechastelmarechal\/\",\"https:\/\/fr.pinterest.com\/galerieCM\/\"]},{\"@type\":\"Person\",\"@id\":\"https:\/\/chastel-marechal.com\/en\/#\/schema\/person\/66b6a71e9773055cbd52957de8999bec\",\"name\":\"Galerie Chastel Mar\u00e9chal\",\"image\":{\"@type\":\"ImageObject\",\"inLanguage\":\"en-US\",\"@id\":\"https:\/\/chastel-marechal.com\/en\/#\/schema\/person\/image\/\",\"url\":\"https:\/\/secure.gravatar.com\/avatar\/9e3ef5914e85a2475b99ea48256e9a225bf809b9d6417fac95b207dd8583de5a?s=96&d=mm&r=g\",\"contentUrl\":\"https:\/\/secure.gravatar.com\/avatar\/9e3ef5914e85a2475b99ea48256e9a225bf809b9d6417fac95b207dd8583de5a?s=96&d=mm&r=g\",\"caption\":\"Galerie Chastel Mar\u00e9chal\"},\"url\":\"https:\/\/chastel-marechal.com\/en\/author\/chastel\/\"}]}<\/script>\n<!-- \/ Yoast SEO plugin. -->","yoast_head_json":{"title":"Beaux Arts magazine - Les belles lignes du mobilier br\u00e9silien - September 2018 - Galerie Chastel Mar\u00e9chal","description":"Beaux Arts magazine - Les belles lignes du mobilier br\u00e9silien - September 2018","robots":{"index":"index","follow":"follow","max-snippet":"max-snippet:-1","max-image-preview":"max-image-preview:large","max-video-preview":"max-video-preview:-1"},"canonical":"https:\/\/chastel-marechal.com\/en\/beaux-arts-magazine-les-belles-lignes-du-mobilier-bresilien-septembre-2018\/","og_locale":"en_US","og_type":"article","og_title":"Beaux Arts magazine - Les belles lignes du mobilier br\u00e9silien - September 2018 - Galerie Chastel Mar\u00e9chal","og_description":"Beaux Arts magazine - Les belles lignes du mobilier br\u00e9silien - September 2018","og_url":"https:\/\/chastel-marechal.com\/en\/beaux-arts-magazine-les-belles-lignes-du-mobilier-bresilien-septembre-2018\/","og_site_name":"Galerie Chastel Mar\u00e9chal","article_publisher":"https:\/\/www.facebook.com\/galerie.chastelmarechal\/","article_published_time":"2019-03-15T16:52:25+00:00","article_modified_time":"2019-03-23T15:28:56+00:00","og_image":[{"width":1058,"height":1058,"url":"https:\/\/chastel-marechal.com\/wp-content\/uploads\/2019\/03\/p121-v.jpg","type":"image\/jpeg"}],"author":"Galerie Chastel Mar\u00e9chal","twitter_card":"summary_large_image","twitter_creator":"@chastelmarechal","twitter_site":"@chastelmarechal","twitter_misc":{"Written by":"Galerie Chastel Mar\u00e9chal","Est. reading time":"1 minute"},"schema":{"@context":"https:\/\/schema.org","@graph":[{"@type":"Article","@id":"https:\/\/chastel-marechal.com\/en\/beaux-arts-magazine-les-belles-lignes-du-mobilier-bresilien-septembre-2018\/#article","isPartOf":{"@id":"https:\/\/chastel-marechal.com\/en\/beaux-arts-magazine-les-belles-lignes-du-mobilier-bresilien-septembre-2018\/"},"author":{"name":"Galerie Chastel Mar\u00e9chal","@id":"https:\/\/chastel-marechal.com\/en\/#\/schema\/person\/66b6a71e9773055cbd52957de8999bec"},"headline":"Beaux Arts magazine &#8211; Les belles lignes du mobilier br\u00e9silien &#8211; September 2018","datePublished":"2019-03-15T16:52:25+00:00","dateModified":"2019-03-23T15:28:56+00:00","mainEntityOfPage":{"@id":"https:\/\/chastel-marechal.com\/en\/beaux-arts-magazine-les-belles-lignes-du-mobilier-bresilien-septembre-2018\/"},"wordCount":137,"commentCount":0,"publisher":{"@id":"https:\/\/chastel-marechal.com\/en\/#organization"},"image":{"@id":"https:\/\/chastel-marechal.com\/en\/beaux-arts-magazine-les-belles-lignes-du-mobilier-bresilien-septembre-2018\/#primaryimage"},"thumbnailUrl":"https:\/\/chastel-marechal.com\/wp-content\/uploads\/2019\/03\/p121-v.jpg","keywords":["beaux art magazine","brazil","brazilian design","design","exhibition","hauner"],"articleSection":["Press"],"inLanguage":"en-US","potentialAction":[{"@type":"CommentAction","name":"Comment","target":["https:\/\/chastel-marechal.com\/en\/beaux-arts-magazine-les-belles-lignes-du-mobilier-bresilien-septembre-2018\/#respond"]}]},{"@type":"WebPage","@id":"https:\/\/chastel-marechal.com\/en\/beaux-arts-magazine-les-belles-lignes-du-mobilier-bresilien-septembre-2018\/","url":"https:\/\/chastel-marechal.com\/en\/beaux-arts-magazine-les-belles-lignes-du-mobilier-bresilien-septembre-2018\/","name":"Beaux Arts magazine - Les belles lignes du mobilier br\u00e9silien - September 2018 - Galerie Chastel Mar\u00e9chal","isPartOf":{"@id":"https:\/\/chastel-marechal.com\/en\/#website"},"primaryImageOfPage":{"@id":"https:\/\/chastel-marechal.com\/en\/beaux-arts-magazine-les-belles-lignes-du-mobilier-bresilien-septembre-2018\/#primaryimage"},"image":{"@id":"https:\/\/chastel-marechal.com\/en\/beaux-arts-magazine-les-belles-lignes-du-mobilier-bresilien-septembre-2018\/#primaryimage"},"thumbnailUrl":"https:\/\/chastel-marechal.com\/wp-content\/uploads\/2019\/03\/p121-v.jpg","datePublished":"2019-03-15T16:52:25+00:00","dateModified":"2019-03-23T15:28:56+00:00","description":"Beaux Arts magazine - Les belles lignes du mobilier br\u00e9silien - September 2018","breadcrumb":{"@id":"https:\/\/chastel-marechal.com\/en\/beaux-arts-magazine-les-belles-lignes-du-mobilier-bresilien-septembre-2018\/#breadcrumb"},"inLanguage":"en-US","potentialAction":[{"@type":"ReadAction","target":["https:\/\/chastel-marechal.com\/en\/beaux-arts-magazine-les-belles-lignes-du-mobilier-bresilien-septembre-2018\/"]}]},{"@type":"ImageObject","inLanguage":"en-US","@id":"https:\/\/chastel-marechal.com\/en\/beaux-arts-magazine-les-belles-lignes-du-mobilier-bresilien-septembre-2018\/#primaryimage","url":"https:\/\/chastel-marechal.com\/wp-content\/uploads\/2019\/03\/p121-v.jpg","contentUrl":"https:\/\/chastel-marechal.com\/wp-content\/uploads\/2019\/03\/p121-v.jpg","width":1058,"height":1058},{"@type":"BreadcrumbList","@id":"https:\/\/chastel-marechal.com\/en\/beaux-arts-magazine-les-belles-lignes-du-mobilier-bresilien-septembre-2018\/#breadcrumb","itemListElement":[{"@type":"ListItem","position":1,"name":"Accueil","item":"https:\/\/chastel-marechal.com\/en\/"},{"@type":"ListItem","position":2,"name":"Beaux Arts magazine &#8211; Les belles lignes du mobilier br\u00e9silien &#8211; September 2018"}]},{"@type":"WebSite","@id":"https:\/\/chastel-marechal.com\/en\/#website","url":"https:\/\/chastel-marechal.com\/en\/","name":"Galerie Chastel Mar\u00e9chal","description":"Arts d\u00e9coratifs du XX\u00e8me si\u00e8cle","publisher":{"@id":"https:\/\/chastel-marechal.com\/en\/#organization"},"potentialAction":[{"@type":"SearchAction","target":{"@type":"EntryPoint","urlTemplate":"https:\/\/chastel-marechal.com\/en\/?s={search_term_string}"},"query-input":{"@type":"PropertyValueSpecification","valueRequired":true,"valueName":"search_term_string"}}],"inLanguage":"en-US"},{"@type":"Organization","@id":"https:\/\/chastel-marechal.com\/en\/#organization","name":"Galerie Chastel Mar\u00e9chal","url":"https:\/\/chastel-marechal.com\/en\/","logo":{"@type":"ImageObject","inLanguage":"en-US","@id":"https:\/\/chastel-marechal.com\/en\/#\/schema\/logo\/image\/","url":"https:\/\/www.chastel-marechal.com\/wp-content\/uploads\/2016\/08\/galerie-chastel-marechal-logo.png","contentUrl":"https:\/\/www.chastel-marechal.com\/wp-content\/uploads\/2016\/08\/galerie-chastel-marechal-logo.png","width":800,"height":103,"caption":"Galerie Chastel Mar\u00e9chal"},"image":{"@id":"https:\/\/chastel-marechal.com\/en\/#\/schema\/logo\/image\/"},"sameAs":["https:\/\/www.facebook.com\/galerie.chastelmarechal\/","https:\/\/x.com\/chastelmarechal","https:\/\/www.instagram.com\/galeriechastelmarechal\/","https:\/\/fr.pinterest.com\/galerieCM\/"]},{"@type":"Person","@id":"https:\/\/chastel-marechal.com\/en\/#\/schema\/person\/66b6a71e9773055cbd52957de8999bec","name":"Galerie Chastel Mar\u00e9chal","image":{"@type":"ImageObject","inLanguage":"en-US","@id":"https:\/\/chastel-marechal.com\/en\/#\/schema\/person\/image\/","url":"https:\/\/secure.gravatar.com\/avatar\/9e3ef5914e85a2475b99ea48256e9a225bf809b9d6417fac95b207dd8583de5a?s=96&d=mm&r=g","contentUrl":"https:\/\/secure.gravatar.com\/avatar\/9e3ef5914e85a2475b99ea48256e9a225bf809b9d6417fac95b207dd8583de5a?s=96&d=mm&r=g","caption":"Galerie Chastel Mar\u00e9chal"},"url":"https:\/\/chastel-marechal.com\/en\/author\/chastel\/"}]}},"acf":[],"_links":{"self":[{"href":"https:\/\/chastel-marechal.com\/en\/wp-json\/wp\/v2\/posts\/12041","targetHints":{"allow":["GET"]}}],"collection":[{"href":"https:\/\/chastel-marechal.com\/en\/wp-json\/wp\/v2\/posts"}],"about":[{"href":"https:\/\/chastel-marechal.com\/en\/wp-json\/wp\/v2\/types\/post"}],"author":[{"embeddable":true,"href":"https:\/\/chastel-marechal.com\/en\/wp-json\/wp\/v2\/users\/2"}],"replies":[{"embeddable":true,"href":"https:\/\/chastel-marechal.com\/en\/wp-json\/wp\/v2\/comments?post=12041"}],"version-history":[{"count":2,"href":"https:\/\/chastel-marechal.com\/en\/wp-json\/wp\/v2\/posts\/12041\/revisions"}],"predecessor-version":[{"id":12054,"href":"https:\/\/chastel-marechal.com\/en\/wp-json\/wp\/v2\/posts\/12041\/revisions\/12054"}],"wp:featuredmedia":[{"embeddable":true,"href":"https:\/\/chastel-marechal.com\/en\/wp-json\/wp\/v2\/media\/12042"}],"wp:attachment":[{"href":"https:\/\/chastel-marechal.com\/en\/wp-json\/wp\/v2\/media?parent=12041"}],"wp:term":[{"taxonomy":"category","embeddable":true,"href":"https:\/\/chastel-marechal.com\/en\/wp-json\/wp\/v2\/categories?post=12041"},{"taxonomy":"post_tag","embeddable":true,"href":"https:\/\/chastel-marechal.com\/en\/wp-json\/wp\/v2\/tags?post=12041"}],"curies":[{"name":"wp","href":"https:\/\/api.w.org\/{rel}","templated":true}]}}