{"id":1492,"date":"2012-10-10T16:28:30","date_gmt":"2012-10-10T14:28:30","guid":{"rendered":"https:\/\/chastel-marechal.com\/en\/?p=1492"},"modified":"2024-04-20T14:53:05","modified_gmt":"2024-04-20T12:53:05","slug":"baroque-et-surrealisme-jean-charles-moreux-galerie-chastel-marechal-du-12-septembre-au-10-octobre-2012","status":"publish","type":"post","link":"https:\/\/chastel-marechal.com\/en\/baroque-et-surrealisme-jean-charles-moreux-galerie-chastel-marechal-du-12-septembre-au-10-octobre-2012\/","title":{"rendered":"&#8220;Baroque et Surr\u00e9alisme&#8221;, JEAN-CHARLES MOREUX, Galerie Chastel-Mar\u00e9chal, from september 12th to october 10th, 2012"},"content":{"rendered":"<p>[et_pb_section bb_built=&#8221;1&#8243; admin_label=&#8221;section&#8221; inner_width=&#8221;auto&#8221; inner_max_width=&#8221;1080px&#8221;][et_pb_row admin_label=&#8221;row&#8221; background_position=&#8221;top_left&#8221; background_repeat=&#8221;repeat&#8221; background_size=&#8221;initial&#8221; width=&#8221;80%&#8221; max_width=&#8221;1080px&#8221;][et_pb_column type=&#8221;4_4&#8243; custom_padding__hover=&#8221;|||&#8221; custom_padding=&#8221;|||&#8221;][et_pb_video admin_label=&#8221;Video&#8221; src=&#8221;https:\/\/chastel-marechal.com\/wp-content\/uploads\/2012\/10\/Vide\u0301o-MOREUX.mp4&#8243; \/][et_pb_image src=&#8221;https:\/\/chastel-marechal.com\/wp-content\/uploads\/2012\/10\/photo-expo1-scaled.jpg&#8221; use_border_color=&#8221;off&#8221; animation_style=&#8221;slide&#8221; animation_duration=&#8221;500ms&#8221; animation_intensity_slide=&#8221;10%&#8221; animation_direction=&#8221;left&#8221; align_last_edited=&#8221;on|desktop&#8221; align_tablet=&#8221;center&#8221; _builder_version=&#8221;4.25.0&#8243; background_pattern_color=&#8221;rgba(0,0,0,0.2)&#8221; background_mask_color=&#8221;#ffffff&#8221; box_shadow_horizontal_tablet=&#8221;0px&#8221; box_shadow_vertical_tablet=&#8221;0px&#8221; box_shadow_blur_tablet=&#8221;40px&#8221; box_shadow_spread_tablet=&#8221;0px&#8221; vertical_offset_tablet=&#8221;0&#8243; horizontal_offset_tablet=&#8221;0&#8243; z_index_tablet=&#8221;0&#8243; \/][et_pb_image src=&#8221;https:\/\/chastel-marechal.com\/wp-content\/uploads\/2012\/10\/photo-expo2-scaled.jpg&#8221; use_border_color=&#8221;off&#8221; animation_style=&#8221;slide&#8221; animation_duration=&#8221;500ms&#8221; animation_intensity_slide=&#8221;10%&#8221; animation_direction=&#8221;left&#8221; align_last_edited=&#8221;on|desktop&#8221; align_tablet=&#8221;center&#8221; _builder_version=&#8221;4.25.0&#8243; background_pattern_color=&#8221;rgba(0,0,0,0.2)&#8221; background_mask_color=&#8221;#ffffff&#8221; box_shadow_horizontal_tablet=&#8221;0px&#8221; box_shadow_vertical_tablet=&#8221;0px&#8221; box_shadow_blur_tablet=&#8221;40px&#8221; box_shadow_spread_tablet=&#8221;0px&#8221; vertical_offset_tablet=&#8221;0&#8243; horizontal_offset_tablet=&#8221;0&#8243; z_index_tablet=&#8221;0&#8243; \/][et_pb_image src=&#8221;https:\/\/chastel-marechal.com\/wp-content\/uploads\/2012\/10\/photo-expo3-scaled.jpg&#8221; use_border_color=&#8221;off&#8221; animation_style=&#8221;slide&#8221; animation_duration=&#8221;500ms&#8221; animation_intensity_slide=&#8221;10%&#8221; animation_direction=&#8221;left&#8221; align_last_edited=&#8221;on|desktop&#8221; align_tablet=&#8221;center&#8221; _builder_version=&#8221;4.25.0&#8243; background_pattern_color=&#8221;rgba(0,0,0,0.2)&#8221; background_mask_color=&#8221;#ffffff&#8221; box_shadow_horizontal_tablet=&#8221;0px&#8221; box_shadow_vertical_tablet=&#8221;0px&#8221; box_shadow_blur_tablet=&#8221;40px&#8221; box_shadow_spread_tablet=&#8221;0px&#8221; vertical_offset_tablet=&#8221;0&#8243; horizontal_offset_tablet=&#8221;0&#8243; z_index_tablet=&#8221;0&#8243; \/][et_pb_image src=&#8221;https:\/\/chastel-marechal.com\/wp-content\/uploads\/2012\/10\/photo-expo4-scaled.jpg&#8221; use_border_color=&#8221;off&#8221; animation_style=&#8221;slide&#8221; animation_duration=&#8221;500ms&#8221; animation_intensity_slide=&#8221;10%&#8221; animation_direction=&#8221;left&#8221; align_last_edited=&#8221;on|desktop&#8221; align_tablet=&#8221;center&#8221; _builder_version=&#8221;4.25.0&#8243; background_pattern_color=&#8221;rgba(0,0,0,0.2)&#8221; background_mask_color=&#8221;#ffffff&#8221; box_shadow_horizontal_tablet=&#8221;0px&#8221; box_shadow_vertical_tablet=&#8221;0px&#8221; box_shadow_blur_tablet=&#8221;40px&#8221; box_shadow_spread_tablet=&#8221;0px&#8221; vertical_offset_tablet=&#8221;0&#8243; horizontal_offset_tablet=&#8221;0&#8243; z_index_tablet=&#8221;0&#8243; \/][et_pb_image src=&#8221;https:\/\/chastel-marechal.com\/wp-content\/uploads\/2012\/10\/photo-expo5-scaled.jpg&#8221; use_border_color=&#8221;off&#8221; animation_style=&#8221;slide&#8221; animation_duration=&#8221;500ms&#8221; animation_intensity_slide=&#8221;10%&#8221; animation_direction=&#8221;left&#8221; align_last_edited=&#8221;on|desktop&#8221; align_tablet=&#8221;center&#8221; _builder_version=&#8221;4.25.0&#8243; background_pattern_color=&#8221;rgba(0,0,0,0.2)&#8221; background_mask_color=&#8221;#ffffff&#8221; box_shadow_horizontal_tablet=&#8221;0px&#8221; box_shadow_vertical_tablet=&#8221;0px&#8221; box_shadow_blur_tablet=&#8221;40px&#8221; box_shadow_spread_tablet=&#8221;0px&#8221; vertical_offset_tablet=&#8221;0&#8243; horizontal_offset_tablet=&#8221;0&#8243; z_index_tablet=&#8221;0&#8243; \/][et_pb_image src=&#8221;https:\/\/chastel-marechal.com\/wp-content\/uploads\/2012\/10\/photo-expo6-scaled.jpg&#8221; use_border_color=&#8221;off&#8221; animation_style=&#8221;slide&#8221; animation_duration=&#8221;500ms&#8221; animation_intensity_slide=&#8221;10%&#8221; animation_direction=&#8221;left&#8221; align_last_edited=&#8221;on|desktop&#8221; align_tablet=&#8221;center&#8221; _builder_version=&#8221;4.25.0&#8243; background_pattern_color=&#8221;rgba(0,0,0,0.2)&#8221; background_mask_color=&#8221;#ffffff&#8221; box_shadow_horizontal_tablet=&#8221;0px&#8221; box_shadow_vertical_tablet=&#8221;0px&#8221; box_shadow_blur_tablet=&#8221;40px&#8221; box_shadow_spread_tablet=&#8221;0px&#8221; vertical_offset_tablet=&#8221;0&#8243; horizontal_offset_tablet=&#8221;0&#8243; z_index_tablet=&#8221;0&#8243; \/][et_pb_image src=&#8221;https:\/\/chastel-marechal.com\/wp-content\/uploads\/2012\/10\/photo-expo7-scaled.jpg&#8221; use_border_color=&#8221;off&#8221; animation_style=&#8221;slide&#8221; animation_duration=&#8221;500ms&#8221; animation_intensity_slide=&#8221;10%&#8221; animation_direction=&#8221;left&#8221; align_last_edited=&#8221;on|desktop&#8221; align_tablet=&#8221;center&#8221; _builder_version=&#8221;4.25.0&#8243; background_pattern_color=&#8221;rgba(0,0,0,0.2)&#8221; background_mask_color=&#8221;#ffffff&#8221; box_shadow_horizontal_tablet=&#8221;0px&#8221; box_shadow_vertical_tablet=&#8221;0px&#8221; box_shadow_blur_tablet=&#8221;40px&#8221; box_shadow_spread_tablet=&#8221;0px&#8221; vertical_offset_tablet=&#8221;0&#8243; horizontal_offset_tablet=&#8221;0&#8243; z_index_tablet=&#8221;0&#8243; \/][et_pb_image src=&#8221;https:\/\/chastel-marechal.com\/wp-content\/uploads\/2012\/10\/photo-expo9-scaled.jpg&#8221; use_border_color=&#8221;off&#8221; animation_style=&#8221;slide&#8221; animation_duration=&#8221;500ms&#8221; animation_intensity_slide=&#8221;10%&#8221; animation_direction=&#8221;left&#8221; align_last_edited=&#8221;on|desktop&#8221; align_tablet=&#8221;center&#8221; _builder_version=&#8221;4.25.0&#8243; background_pattern_color=&#8221;rgba(0,0,0,0.2)&#8221; background_mask_color=&#8221;#ffffff&#8221; box_shadow_horizontal_tablet=&#8221;0px&#8221; box_shadow_vertical_tablet=&#8221;0px&#8221; box_shadow_blur_tablet=&#8221;40px&#8221; box_shadow_spread_tablet=&#8221;0px&#8221; vertical_offset_tablet=&#8221;0&#8243; horizontal_offset_tablet=&#8221;0&#8243; z_index_tablet=&#8221;0&#8243; \/][et_pb_image src=&#8221;https:\/\/chastel-marechal.com\/wp-content\/uploads\/2012\/10\/photo-expo10-scaled.jpg&#8221; use_border_color=&#8221;off&#8221; animation_style=&#8221;slide&#8221; animation_duration=&#8221;500ms&#8221; animation_intensity_slide=&#8221;10%&#8221; animation_direction=&#8221;left&#8221; align_last_edited=&#8221;on|desktop&#8221; align_tablet=&#8221;center&#8221; _builder_version=&#8221;4.25.0&#8243; background_pattern_color=&#8221;rgba(0,0,0,0.2)&#8221; background_mask_color=&#8221;#ffffff&#8221; box_shadow_horizontal_tablet=&#8221;0px&#8221; box_shadow_vertical_tablet=&#8221;0px&#8221; box_shadow_blur_tablet=&#8221;40px&#8221; box_shadow_spread_tablet=&#8221;0px&#8221; vertical_offset_tablet=&#8221;0&#8243; horizontal_offset_tablet=&#8221;0&#8243; z_index_tablet=&#8221;0&#8243; \/][et_pb_image src=&#8221;https:\/\/chastel-marechal.com\/wp-content\/uploads\/2012\/10\/photo-expo11-scaled.jpg&#8221; use_border_color=&#8221;off&#8221; animation_style=&#8221;slide&#8221; animation_duration=&#8221;500ms&#8221; animation_intensity_slide=&#8221;10%&#8221; animation_direction=&#8221;left&#8221; align_last_edited=&#8221;on|desktop&#8221; align_tablet=&#8221;center&#8221; _builder_version=&#8221;4.25.0&#8243; background_pattern_color=&#8221;rgba(0,0,0,0.2)&#8221; background_mask_color=&#8221;#ffffff&#8221; box_shadow_horizontal_tablet=&#8221;0px&#8221; box_shadow_vertical_tablet=&#8221;0px&#8221; box_shadow_blur_tablet=&#8221;40px&#8221; box_shadow_spread_tablet=&#8221;0px&#8221; vertical_offset_tablet=&#8221;0&#8243; horizontal_offset_tablet=&#8221;0&#8243; z_index_tablet=&#8221;0&#8243; \/][et_pb_image src=&#8221;https:\/\/chastel-marechal.com\/wp-content\/uploads\/2012\/10\/photo-expo12-scaled.jpg&#8221; use_border_color=&#8221;off&#8221; animation_style=&#8221;slide&#8221; animation_duration=&#8221;500ms&#8221; animation_intensity_slide=&#8221;10%&#8221; animation_direction=&#8221;left&#8221; align_last_edited=&#8221;on|desktop&#8221; align_tablet=&#8221;center&#8221; _builder_version=&#8221;4.25.0&#8243; background_pattern_color=&#8221;rgba(0,0,0,0.2)&#8221; background_mask_color=&#8221;#ffffff&#8221; box_shadow_horizontal_tablet=&#8221;0px&#8221; box_shadow_vertical_tablet=&#8221;0px&#8221; box_shadow_blur_tablet=&#8221;40px&#8221; box_shadow_spread_tablet=&#8221;0px&#8221; vertical_offset_tablet=&#8221;0&#8243; horizontal_offset_tablet=&#8221;0&#8243; z_index_tablet=&#8221;0&#8243; \/][\/et_pb_column][\/et_pb_row][\/et_pb_section]<\/p>\n","protected":false},"excerpt":{"rendered":"","protected":false},"author":2,"featured_media":1418,"comment_status":"open","ping_status":"open","sticky":false,"template":"","format":"standard","meta":{"_et_pb_use_builder":"on","_et_pb_old_content":"","_et_gb_content_width":"","footnotes":""},"categories":[134],"tags":[],"class_list":["post-1492","post","type-post","status-publish","format-standard","has-post-thumbnail","hentry","category-exhibitions"],"yoast_head":"<!-- This site is optimized with the Yoast SEO plugin v25.1 - https:\/\/yoast.com\/wordpress\/plugins\/seo\/ -->\n<title>&quot;Baroque et Surr\u00e9alisme&quot;, JEAN-CHARLES MOREUX, Galerie Chastel-Mar\u00e9chal, from september 12th to october 10th, 2012 - Galerie Chastel Mar\u00e9chal<\/title>\n<meta name=\"description\" content=\"&quot;Baroque et Surr\u00e9alisme&quot;, JEAN-CHARLES MOREUX, Galerie Chastel-Mar\u00e9chal, from september 12th to october 10th, 2012\" \/>\n<meta name=\"robots\" content=\"index, follow, max-snippet:-1, max-image-preview:large, max-video-preview:-1\" \/>\n<link rel=\"canonical\" href=\"https:\/\/chastel-marechal.com\/en\/baroque-et-surrealisme-jean-charles-moreux-galerie-chastel-marechal-du-12-septembre-au-10-octobre-2012\/\" \/>\n<meta property=\"og:locale\" content=\"en_US\" \/>\n<meta property=\"og:type\" content=\"article\" \/>\n<meta property=\"og:title\" content=\"&quot;Baroque et Surr\u00e9alisme&quot;, JEAN-CHARLES MOREUX, Galerie Chastel-Mar\u00e9chal, from september 12th to october 10th, 2012 - Galerie Chastel Mar\u00e9chal\" \/>\n<meta property=\"og:description\" content=\"&quot;Baroque et Surr\u00e9alisme&quot;, JEAN-CHARLES MOREUX, Galerie Chastel-Mar\u00e9chal, from september 12th to october 10th, 2012\" \/>\n<meta property=\"og:url\" content=\"https:\/\/chastel-marechal.com\/en\/baroque-et-surrealisme-jean-charles-moreux-galerie-chastel-marechal-du-12-septembre-au-10-octobre-2012\/\" \/>\n<meta property=\"og:site_name\" content=\"Galerie Chastel Mar\u00e9chal\" \/>\n<meta property=\"article:publisher\" content=\"https:\/\/www.facebook.com\/galerie.chastelmarechal\/\" \/>\n<meta property=\"article:published_time\" content=\"2012-10-10T14:28:30+00:00\" \/>\n<meta property=\"article:modified_time\" content=\"2024-04-20T12:53:05+00:00\" \/>\n<meta property=\"og:image\" content=\"https:\/\/chastel-marechal.com\/wp-content\/uploads\/2016\/09\/VUE8.jpg\" \/>\n\t<meta property=\"og:image:width\" content=\"2000\" \/>\n\t<meta property=\"og:image:height\" content=\"1517\" \/>\n\t<meta property=\"og:image:type\" content=\"image\/jpeg\" \/>\n<meta name=\"author\" content=\"Galerie Chastel Mar\u00e9chal\" \/>\n<meta name=\"twitter:card\" content=\"summary_large_image\" \/>\n<meta name=\"twitter:creator\" content=\"@chastelmarechal\" \/>\n<meta name=\"twitter:site\" content=\"@chastelmarechal\" \/>\n<meta name=\"twitter:label1\" content=\"Written by\" \/>\n\t<meta name=\"twitter:data1\" content=\"Galerie Chastel Mar\u00e9chal\" \/>\n\t<meta name=\"twitter:label2\" content=\"Est. reading time\" \/>\n\t<meta name=\"twitter:data2\" content=\"3 minutes\" \/>\n<script type=\"application\/ld+json\" class=\"yoast-schema-graph\">{\"@context\":\"https:\/\/schema.org\",\"@graph\":[{\"@type\":\"Article\",\"@id\":\"https:\/\/chastel-marechal.com\/en\/baroque-et-surrealisme-jean-charles-moreux-galerie-chastel-marechal-du-12-septembre-au-10-octobre-2012\/#article\",\"isPartOf\":{\"@id\":\"https:\/\/chastel-marechal.com\/en\/baroque-et-surrealisme-jean-charles-moreux-galerie-chastel-marechal-du-12-septembre-au-10-octobre-2012\/\"},\"author\":{\"name\":\"Galerie Chastel Mar\u00e9chal\",\"@id\":\"https:\/\/chastel-marechal.com\/en\/#\/schema\/person\/66b6a71e9773055cbd52957de8999bec\"},\"headline\":\"&#8220;Baroque et Surr\u00e9alisme&#8221;, JEAN-CHARLES MOREUX, Galerie Chastel-Mar\u00e9chal, from september 12th to october 10th, 2012\",\"datePublished\":\"2012-10-10T14:28:30+00:00\",\"dateModified\":\"2024-04-20T12:53:05+00:00\",\"mainEntityOfPage\":{\"@id\":\"https:\/\/chastel-marechal.com\/en\/baroque-et-surrealisme-jean-charles-moreux-galerie-chastel-marechal-du-12-septembre-au-10-octobre-2012\/\"},\"wordCount\":908,\"commentCount\":0,\"publisher\":{\"@id\":\"https:\/\/chastel-marechal.com\/en\/#organization\"},\"image\":{\"@id\":\"https:\/\/chastel-marechal.com\/en\/baroque-et-surrealisme-jean-charles-moreux-galerie-chastel-marechal-du-12-septembre-au-10-octobre-2012\/#primaryimage\"},\"thumbnailUrl\":\"https:\/\/chastel-marechal.com\/wp-content\/uploads\/2016\/09\/VUE8.jpg\",\"articleSection\":[\"Exhibitions\"],\"inLanguage\":\"en-US\",\"potentialAction\":[{\"@type\":\"CommentAction\",\"name\":\"Comment\",\"target\":[\"https:\/\/chastel-marechal.com\/en\/baroque-et-surrealisme-jean-charles-moreux-galerie-chastel-marechal-du-12-septembre-au-10-octobre-2012\/#respond\"]}]},{\"@type\":\"WebPage\",\"@id\":\"https:\/\/chastel-marechal.com\/en\/baroque-et-surrealisme-jean-charles-moreux-galerie-chastel-marechal-du-12-septembre-au-10-octobre-2012\/\",\"url\":\"https:\/\/chastel-marechal.com\/en\/baroque-et-surrealisme-jean-charles-moreux-galerie-chastel-marechal-du-12-septembre-au-10-octobre-2012\/\",\"name\":\"\\\"Baroque et Surr\u00e9alisme\\\", JEAN-CHARLES MOREUX, Galerie Chastel-Mar\u00e9chal, from september 12th to october 10th, 2012 - Galerie Chastel Mar\u00e9chal\",\"isPartOf\":{\"@id\":\"https:\/\/chastel-marechal.com\/en\/#website\"},\"primaryImageOfPage\":{\"@id\":\"https:\/\/chastel-marechal.com\/en\/baroque-et-surrealisme-jean-charles-moreux-galerie-chastel-marechal-du-12-septembre-au-10-octobre-2012\/#primaryimage\"},\"image\":{\"@id\":\"https:\/\/chastel-marechal.com\/en\/baroque-et-surrealisme-jean-charles-moreux-galerie-chastel-marechal-du-12-septembre-au-10-octobre-2012\/#primaryimage\"},\"thumbnailUrl\":\"https:\/\/chastel-marechal.com\/wp-content\/uploads\/2016\/09\/VUE8.jpg\",\"datePublished\":\"2012-10-10T14:28:30+00:00\",\"dateModified\":\"2024-04-20T12:53:05+00:00\",\"description\":\"\\\"Baroque et Surr\u00e9alisme\\\", JEAN-CHARLES MOREUX, Galerie Chastel-Mar\u00e9chal, from september 12th to october 10th, 2012\",\"breadcrumb\":{\"@id\":\"https:\/\/chastel-marechal.com\/en\/baroque-et-surrealisme-jean-charles-moreux-galerie-chastel-marechal-du-12-septembre-au-10-octobre-2012\/#breadcrumb\"},\"inLanguage\":\"en-US\",\"potentialAction\":[{\"@type\":\"ReadAction\",\"target\":[\"https:\/\/chastel-marechal.com\/en\/baroque-et-surrealisme-jean-charles-moreux-galerie-chastel-marechal-du-12-septembre-au-10-octobre-2012\/\"]}]},{\"@type\":\"ImageObject\",\"inLanguage\":\"en-US\",\"@id\":\"https:\/\/chastel-marechal.com\/en\/baroque-et-surrealisme-jean-charles-moreux-galerie-chastel-marechal-du-12-septembre-au-10-octobre-2012\/#primaryimage\",\"url\":\"https:\/\/chastel-marechal.com\/wp-content\/uploads\/2016\/09\/VUE8.jpg\",\"contentUrl\":\"https:\/\/chastel-marechal.com\/wp-content\/uploads\/2016\/09\/VUE8.jpg\",\"width\":2000,\"height\":1517},{\"@type\":\"BreadcrumbList\",\"@id\":\"https:\/\/chastel-marechal.com\/en\/baroque-et-surrealisme-jean-charles-moreux-galerie-chastel-marechal-du-12-septembre-au-10-octobre-2012\/#breadcrumb\",\"itemListElement\":[{\"@type\":\"ListItem\",\"position\":1,\"name\":\"Accueil\",\"item\":\"https:\/\/chastel-marechal.com\/en\/\"},{\"@type\":\"ListItem\",\"position\":2,\"name\":\"&#8220;Baroque et Surr\u00e9alisme&#8221;, JEAN-CHARLES MOREUX, Galerie Chastel-Mar\u00e9chal, from september 12th to october 10th, 2012\"}]},{\"@type\":\"WebSite\",\"@id\":\"https:\/\/chastel-marechal.com\/en\/#website\",\"url\":\"https:\/\/chastel-marechal.com\/en\/\",\"name\":\"Galerie Chastel Mar\u00e9chal\",\"description\":\"Arts d\u00e9coratifs du XX\u00e8me si\u00e8cle\",\"publisher\":{\"@id\":\"https:\/\/chastel-marechal.com\/en\/#organization\"},\"potentialAction\":[{\"@type\":\"SearchAction\",\"target\":{\"@type\":\"EntryPoint\",\"urlTemplate\":\"https:\/\/chastel-marechal.com\/en\/?s={search_term_string}\"},\"query-input\":{\"@type\":\"PropertyValueSpecification\",\"valueRequired\":true,\"valueName\":\"search_term_string\"}}],\"inLanguage\":\"en-US\"},{\"@type\":\"Organization\",\"@id\":\"https:\/\/chastel-marechal.com\/en\/#organization\",\"name\":\"Galerie Chastel Mar\u00e9chal\",\"url\":\"https:\/\/chastel-marechal.com\/en\/\",\"logo\":{\"@type\":\"ImageObject\",\"inLanguage\":\"en-US\",\"@id\":\"https:\/\/chastel-marechal.com\/en\/#\/schema\/logo\/image\/\",\"url\":\"https:\/\/www.chastel-marechal.com\/wp-content\/uploads\/2016\/08\/galerie-chastel-marechal-logo.png\",\"contentUrl\":\"https:\/\/www.chastel-marechal.com\/wp-content\/uploads\/2016\/08\/galerie-chastel-marechal-logo.png\",\"width\":800,\"height\":103,\"caption\":\"Galerie Chastel Mar\u00e9chal\"},\"image\":{\"@id\":\"https:\/\/chastel-marechal.com\/en\/#\/schema\/logo\/image\/\"},\"sameAs\":[\"https:\/\/www.facebook.com\/galerie.chastelmarechal\/\",\"https:\/\/x.com\/chastelmarechal\",\"https:\/\/www.instagram.com\/galeriechastelmarechal\/\",\"https:\/\/fr.pinterest.com\/galerieCM\/\"]},{\"@type\":\"Person\",\"@id\":\"https:\/\/chastel-marechal.com\/en\/#\/schema\/person\/66b6a71e9773055cbd52957de8999bec\",\"name\":\"Galerie Chastel Mar\u00e9chal\",\"image\":{\"@type\":\"ImageObject\",\"inLanguage\":\"en-US\",\"@id\":\"https:\/\/chastel-marechal.com\/en\/#\/schema\/person\/image\/\",\"url\":\"https:\/\/secure.gravatar.com\/avatar\/9e3ef5914e85a2475b99ea48256e9a225bf809b9d6417fac95b207dd8583de5a?s=96&d=mm&r=g\",\"contentUrl\":\"https:\/\/secure.gravatar.com\/avatar\/9e3ef5914e85a2475b99ea48256e9a225bf809b9d6417fac95b207dd8583de5a?s=96&d=mm&r=g\",\"caption\":\"Galerie Chastel Mar\u00e9chal\"},\"url\":\"https:\/\/chastel-marechal.com\/en\/author\/chastel\/\"}]}<\/script>\n<!-- \/ Yoast SEO plugin. -->","yoast_head_json":{"title":"\"Baroque et Surr\u00e9alisme\", JEAN-CHARLES MOREUX, Galerie Chastel-Mar\u00e9chal, from september 12th to october 10th, 2012 - Galerie Chastel Mar\u00e9chal","description":"\"Baroque et Surr\u00e9alisme\", JEAN-CHARLES MOREUX, Galerie Chastel-Mar\u00e9chal, from september 12th to october 10th, 2012","robots":{"index":"index","follow":"follow","max-snippet":"max-snippet:-1","max-image-preview":"max-image-preview:large","max-video-preview":"max-video-preview:-1"},"canonical":"https:\/\/chastel-marechal.com\/en\/baroque-et-surrealisme-jean-charles-moreux-galerie-chastel-marechal-du-12-septembre-au-10-octobre-2012\/","og_locale":"en_US","og_type":"article","og_title":"\"Baroque et Surr\u00e9alisme\", JEAN-CHARLES MOREUX, Galerie Chastel-Mar\u00e9chal, from september 12th to october 10th, 2012 - Galerie Chastel Mar\u00e9chal","og_description":"\"Baroque et Surr\u00e9alisme\", JEAN-CHARLES MOREUX, Galerie Chastel-Mar\u00e9chal, from september 12th to october 10th, 2012","og_url":"https:\/\/chastel-marechal.com\/en\/baroque-et-surrealisme-jean-charles-moreux-galerie-chastel-marechal-du-12-septembre-au-10-octobre-2012\/","og_site_name":"Galerie Chastel Mar\u00e9chal","article_publisher":"https:\/\/www.facebook.com\/galerie.chastelmarechal\/","article_published_time":"2012-10-10T14:28:30+00:00","article_modified_time":"2024-04-20T12:53:05+00:00","og_image":[{"width":2000,"height":1517,"url":"https:\/\/chastel-marechal.com\/wp-content\/uploads\/2016\/09\/VUE8.jpg","type":"image\/jpeg"}],"author":"Galerie Chastel Mar\u00e9chal","twitter_card":"summary_large_image","twitter_creator":"@chastelmarechal","twitter_site":"@chastelmarechal","twitter_misc":{"Written by":"Galerie Chastel Mar\u00e9chal","Est. reading time":"3 minutes"},"schema":{"@context":"https:\/\/schema.org","@graph":[{"@type":"Article","@id":"https:\/\/chastel-marechal.com\/en\/baroque-et-surrealisme-jean-charles-moreux-galerie-chastel-marechal-du-12-septembre-au-10-octobre-2012\/#article","isPartOf":{"@id":"https:\/\/chastel-marechal.com\/en\/baroque-et-surrealisme-jean-charles-moreux-galerie-chastel-marechal-du-12-septembre-au-10-octobre-2012\/"},"author":{"name":"Galerie Chastel Mar\u00e9chal","@id":"https:\/\/chastel-marechal.com\/en\/#\/schema\/person\/66b6a71e9773055cbd52957de8999bec"},"headline":"&#8220;Baroque et Surr\u00e9alisme&#8221;, JEAN-CHARLES MOREUX, Galerie Chastel-Mar\u00e9chal, from september 12th to october 10th, 2012","datePublished":"2012-10-10T14:28:30+00:00","dateModified":"2024-04-20T12:53:05+00:00","mainEntityOfPage":{"@id":"https:\/\/chastel-marechal.com\/en\/baroque-et-surrealisme-jean-charles-moreux-galerie-chastel-marechal-du-12-septembre-au-10-octobre-2012\/"},"wordCount":908,"commentCount":0,"publisher":{"@id":"https:\/\/chastel-marechal.com\/en\/#organization"},"image":{"@id":"https:\/\/chastel-marechal.com\/en\/baroque-et-surrealisme-jean-charles-moreux-galerie-chastel-marechal-du-12-septembre-au-10-octobre-2012\/#primaryimage"},"thumbnailUrl":"https:\/\/chastel-marechal.com\/wp-content\/uploads\/2016\/09\/VUE8.jpg","articleSection":["Exhibitions"],"inLanguage":"en-US","potentialAction":[{"@type":"CommentAction","name":"Comment","target":["https:\/\/chastel-marechal.com\/en\/baroque-et-surrealisme-jean-charles-moreux-galerie-chastel-marechal-du-12-septembre-au-10-octobre-2012\/#respond"]}]},{"@type":"WebPage","@id":"https:\/\/chastel-marechal.com\/en\/baroque-et-surrealisme-jean-charles-moreux-galerie-chastel-marechal-du-12-septembre-au-10-octobre-2012\/","url":"https:\/\/chastel-marechal.com\/en\/baroque-et-surrealisme-jean-charles-moreux-galerie-chastel-marechal-du-12-septembre-au-10-octobre-2012\/","name":"\"Baroque et Surr\u00e9alisme\", JEAN-CHARLES MOREUX, Galerie Chastel-Mar\u00e9chal, from september 12th to october 10th, 2012 - Galerie Chastel Mar\u00e9chal","isPartOf":{"@id":"https:\/\/chastel-marechal.com\/en\/#website"},"primaryImageOfPage":{"@id":"https:\/\/chastel-marechal.com\/en\/baroque-et-surrealisme-jean-charles-moreux-galerie-chastel-marechal-du-12-septembre-au-10-octobre-2012\/#primaryimage"},"image":{"@id":"https:\/\/chastel-marechal.com\/en\/baroque-et-surrealisme-jean-charles-moreux-galerie-chastel-marechal-du-12-septembre-au-10-octobre-2012\/#primaryimage"},"thumbnailUrl":"https:\/\/chastel-marechal.com\/wp-content\/uploads\/2016\/09\/VUE8.jpg","datePublished":"2012-10-10T14:28:30+00:00","dateModified":"2024-04-20T12:53:05+00:00","description":"\"Baroque et Surr\u00e9alisme\", JEAN-CHARLES MOREUX, Galerie Chastel-Mar\u00e9chal, from september 12th to october 10th, 2012","breadcrumb":{"@id":"https:\/\/chastel-marechal.com\/en\/baroque-et-surrealisme-jean-charles-moreux-galerie-chastel-marechal-du-12-septembre-au-10-octobre-2012\/#breadcrumb"},"inLanguage":"en-US","potentialAction":[{"@type":"ReadAction","target":["https:\/\/chastel-marechal.com\/en\/baroque-et-surrealisme-jean-charles-moreux-galerie-chastel-marechal-du-12-septembre-au-10-octobre-2012\/"]}]},{"@type":"ImageObject","inLanguage":"en-US","@id":"https:\/\/chastel-marechal.com\/en\/baroque-et-surrealisme-jean-charles-moreux-galerie-chastel-marechal-du-12-septembre-au-10-octobre-2012\/#primaryimage","url":"https:\/\/chastel-marechal.com\/wp-content\/uploads\/2016\/09\/VUE8.jpg","contentUrl":"https:\/\/chastel-marechal.com\/wp-content\/uploads\/2016\/09\/VUE8.jpg","width":2000,"height":1517},{"@type":"BreadcrumbList","@id":"https:\/\/chastel-marechal.com\/en\/baroque-et-surrealisme-jean-charles-moreux-galerie-chastel-marechal-du-12-septembre-au-10-octobre-2012\/#breadcrumb","itemListElement":[{"@type":"ListItem","position":1,"name":"Accueil","item":"https:\/\/chastel-marechal.com\/en\/"},{"@type":"ListItem","position":2,"name":"&#8220;Baroque et Surr\u00e9alisme&#8221;, JEAN-CHARLES MOREUX, Galerie Chastel-Mar\u00e9chal, from september 12th to october 10th, 2012"}]},{"@type":"WebSite","@id":"https:\/\/chastel-marechal.com\/en\/#website","url":"https:\/\/chastel-marechal.com\/en\/","name":"Galerie Chastel Mar\u00e9chal","description":"Arts d\u00e9coratifs du XX\u00e8me si\u00e8cle","publisher":{"@id":"https:\/\/chastel-marechal.com\/en\/#organization"},"potentialAction":[{"@type":"SearchAction","target":{"@type":"EntryPoint","urlTemplate":"https:\/\/chastel-marechal.com\/en\/?s={search_term_string}"},"query-input":{"@type":"PropertyValueSpecification","valueRequired":true,"valueName":"search_term_string"}}],"inLanguage":"en-US"},{"@type":"Organization","@id":"https:\/\/chastel-marechal.com\/en\/#organization","name":"Galerie Chastel Mar\u00e9chal","url":"https:\/\/chastel-marechal.com\/en\/","logo":{"@type":"ImageObject","inLanguage":"en-US","@id":"https:\/\/chastel-marechal.com\/en\/#\/schema\/logo\/image\/","url":"https:\/\/www.chastel-marechal.com\/wp-content\/uploads\/2016\/08\/galerie-chastel-marechal-logo.png","contentUrl":"https:\/\/www.chastel-marechal.com\/wp-content\/uploads\/2016\/08\/galerie-chastel-marechal-logo.png","width":800,"height":103,"caption":"Galerie Chastel Mar\u00e9chal"},"image":{"@id":"https:\/\/chastel-marechal.com\/en\/#\/schema\/logo\/image\/"},"sameAs":["https:\/\/www.facebook.com\/galerie.chastelmarechal\/","https:\/\/x.com\/chastelmarechal","https:\/\/www.instagram.com\/galeriechastelmarechal\/","https:\/\/fr.pinterest.com\/galerieCM\/"]},{"@type":"Person","@id":"https:\/\/chastel-marechal.com\/en\/#\/schema\/person\/66b6a71e9773055cbd52957de8999bec","name":"Galerie Chastel Mar\u00e9chal","image":{"@type":"ImageObject","inLanguage":"en-US","@id":"https:\/\/chastel-marechal.com\/en\/#\/schema\/person\/image\/","url":"https:\/\/secure.gravatar.com\/avatar\/9e3ef5914e85a2475b99ea48256e9a225bf809b9d6417fac95b207dd8583de5a?s=96&d=mm&r=g","contentUrl":"https:\/\/secure.gravatar.com\/avatar\/9e3ef5914e85a2475b99ea48256e9a225bf809b9d6417fac95b207dd8583de5a?s=96&d=mm&r=g","caption":"Galerie Chastel Mar\u00e9chal"},"url":"https:\/\/chastel-marechal.com\/en\/author\/chastel\/"}]}},"acf":[],"_links":{"self":[{"href":"https:\/\/chastel-marechal.com\/en\/wp-json\/wp\/v2\/posts\/1492","targetHints":{"allow":["GET"]}}],"collection":[{"href":"https:\/\/chastel-marechal.com\/en\/wp-json\/wp\/v2\/posts"}],"about":[{"href":"https:\/\/chastel-marechal.com\/en\/wp-json\/wp\/v2\/types\/post"}],"author":[{"embeddable":true,"href":"https:\/\/chastel-marechal.com\/en\/wp-json\/wp\/v2\/users\/2"}],"replies":[{"embeddable":true,"href":"https:\/\/chastel-marechal.com\/en\/wp-json\/wp\/v2\/comments?post=1492"}],"version-history":[{"count":8,"href":"https:\/\/chastel-marechal.com\/en\/wp-json\/wp\/v2\/posts\/1492\/revisions"}],"predecessor-version":[{"id":31630,"href":"https:\/\/chastel-marechal.com\/en\/wp-json\/wp\/v2\/posts\/1492\/revisions\/31630"}],"wp:featuredmedia":[{"embeddable":true,"href":"https:\/\/chastel-marechal.com\/en\/wp-json\/wp\/v2\/media\/1418"}],"wp:attachment":[{"href":"https:\/\/chastel-marechal.com\/en\/wp-json\/wp\/v2\/media?parent=1492"}],"wp:term":[{"taxonomy":"category","embeddable":true,"href":"https:\/\/chastel-marechal.com\/en\/wp-json\/wp\/v2\/categories?post=1492"},{"taxonomy":"post_tag","embeddable":true,"href":"https:\/\/chastel-marechal.com\/en\/wp-json\/wp\/v2\/tags?post=1492"}],"curies":[{"name":"wp","href":"https:\/\/api.w.org\/{rel}","templated":true}]}}