{"id":9164,"date":"2018-03-04T16:54:31","date_gmt":"2018-03-04T15:54:31","guid":{"rendered":"https:\/\/chastel-marechal.com\/en\/?p=9164"},"modified":"2019-03-19T15:07:39","modified_gmt":"2019-03-19T14:07:39","slug":"jean-royere-brochure-of-the-exhibition-2005-galerie-chastel-marechal","status":"publish","type":"post","link":"https:\/\/chastel-marechal.com\/en\/jean-royere-brochure-of-the-exhibition-2005-galerie-chastel-marechal\/","title":{"rendered":"Jean Roy\u00e8re, Brochure of the exhibition, 2005, Galerie Chastel-Mar\u00e9chal"},"content":{"rendered":"<p>[et_pb_section admin_label=&#8221;section&#8221;][et_pb_row admin_label=&#8221;row&#8221;][et_pb_column type=&#8221;4_4&#8243;][et_pb_gallery admin_label=&#8221;Gallery&#8221; gallery_ids=&#8221;9485,9149,9151,9153,9155,9478,9480,9483&#8243; fullwidth=&#8221;on&#8221; show_title_and_caption=&#8221;on&#8221; show_pagination=&#8221;on&#8221; background_layout=&#8221;light&#8221; auto=&#8221;off&#8221; hover_overlay_color=&#8221;rgba(255,255,255,0.9)&#8221; caption_all_caps=&#8221;off&#8221; use_border_color=&#8221;off&#8221; border_color=&#8221;#ffffff&#8221; border_style=&#8221;solid&#8221;] [\/et_pb_gallery][\/et_pb_column][\/et_pb_row][\/et_pb_section]<\/p>\n","protected":false},"excerpt":{"rendered":"","protected":false},"author":2,"featured_media":11903,"comment_status":"open","ping_status":"open","sticky":false,"template":"","format":"standard","meta":{"_et_pb_use_builder":"on","_et_pb_old_content":"","_et_gb_content_width":"","footnotes":""},"categories":[1540],"tags":[584,865,568,1015,585],"class_list":["post-9164","post","type-post","status-publish","format-standard","has-post-thumbnail","hentry","category-publications-en","tag-chastel-marechal-en","tag-exposition-en","tag-galerie-chastel-marechal-en","tag-jean-royere-en","tag-royere-en"],"yoast_head":"<!-- This site is optimized with the Yoast SEO plugin v25.1 - https:\/\/yoast.com\/wordpress\/plugins\/seo\/ -->\n<title>Jean Roy\u00e8re, Brochure of the exhibition, 2005, Galerie Chastel-Mar\u00e9chal - Galerie Chastel Mar\u00e9chal<\/title>\n<meta name=\"description\" content=\"Jean Roy\u00e8re, Brochure of the exhibition, 2005, Galerie Chastel-Mar\u00e9chal\" \/>\n<meta name=\"robots\" content=\"index, follow, max-snippet:-1, max-image-preview:large, max-video-preview:-1\" \/>\n<link rel=\"canonical\" href=\"https:\/\/chastel-marechal.com\/en\/jean-royere-brochure-of-the-exhibition-2005-galerie-chastel-marechal\/\" \/>\n<meta property=\"og:locale\" content=\"en_US\" \/>\n<meta property=\"og:type\" content=\"article\" \/>\n<meta property=\"og:title\" content=\"Jean Roy\u00e8re, Brochure of the exhibition, 2005, Galerie Chastel-Mar\u00e9chal - Galerie Chastel Mar\u00e9chal\" \/>\n<meta property=\"og:description\" content=\"Jean Roy\u00e8re, Brochure of the exhibition, 2005, Galerie Chastel-Mar\u00e9chal\" \/>\n<meta property=\"og:url\" content=\"https:\/\/chastel-marechal.com\/en\/jean-royere-brochure-of-the-exhibition-2005-galerie-chastel-marechal\/\" \/>\n<meta property=\"og:site_name\" content=\"Galerie Chastel Mar\u00e9chal\" \/>\n<meta property=\"article:publisher\" content=\"https:\/\/www.facebook.com\/galerie.chastelmarechal\/\" \/>\n<meta property=\"article:published_time\" content=\"2018-03-04T15:54:31+00:00\" \/>\n<meta property=\"article:modified_time\" content=\"2019-03-19T14:07:39+00:00\" \/>\n<meta property=\"og:image\" content=\"https:\/\/chastel-marechal.com\/wp-content\/uploads\/2018\/02\/depliant_royeere-vignette.jpg\" \/>\n\t<meta property=\"og:image:width\" content=\"1462\" \/>\n\t<meta property=\"og:image:height\" content=\"1463\" \/>\n\t<meta property=\"og:image:type\" content=\"image\/jpeg\" \/>\n<meta name=\"author\" content=\"Galerie Chastel Mar\u00e9chal\" \/>\n<meta name=\"twitter:card\" content=\"summary_large_image\" \/>\n<meta name=\"twitter:creator\" content=\"@chastelmarechal\" \/>\n<meta name=\"twitter:site\" content=\"@chastelmarechal\" \/>\n<meta name=\"twitter:label1\" content=\"Written by\" \/>\n\t<meta name=\"twitter:data1\" content=\"Galerie Chastel Mar\u00e9chal\" \/>\n<script type=\"application\/ld+json\" class=\"yoast-schema-graph\">{\"@context\":\"https:\/\/schema.org\",\"@graph\":[{\"@type\":\"Article\",\"@id\":\"https:\/\/chastel-marechal.com\/en\/jean-royere-brochure-of-the-exhibition-2005-galerie-chastel-marechal\/#article\",\"isPartOf\":{\"@id\":\"https:\/\/chastel-marechal.com\/en\/jean-royere-brochure-of-the-exhibition-2005-galerie-chastel-marechal\/\"},\"author\":{\"name\":\"Galerie Chastel Mar\u00e9chal\",\"@id\":\"https:\/\/chastel-marechal.com\/en\/#\/schema\/person\/66b6a71e9773055cbd52957de8999bec\"},\"headline\":\"Jean Roy\u00e8re, Brochure of the exhibition, 2005, Galerie Chastel-Mar\u00e9chal\",\"datePublished\":\"2018-03-04T15:54:31+00:00\",\"dateModified\":\"2019-03-19T14:07:39+00:00\",\"mainEntityOfPage\":{\"@id\":\"https:\/\/chastel-marechal.com\/en\/jean-royere-brochure-of-the-exhibition-2005-galerie-chastel-marechal\/\"},\"wordCount\":79,\"commentCount\":0,\"publisher\":{\"@id\":\"https:\/\/chastel-marechal.com\/en\/#organization\"},\"image\":{\"@id\":\"https:\/\/chastel-marechal.com\/en\/jean-royere-brochure-of-the-exhibition-2005-galerie-chastel-marechal\/#primaryimage\"},\"thumbnailUrl\":\"https:\/\/chastel-marechal.com\/wp-content\/uploads\/2018\/02\/depliant_royeere-vignette.jpg\",\"keywords\":[\"chastel mar\u00e9chal\",\"exposition\",\"Galerie Chastel Mar\u00e9chal\",\"Jean roy\u00e8re\",\"roy\u00e8re\"],\"articleSection\":[\"Publications\"],\"inLanguage\":\"en-US\",\"potentialAction\":[{\"@type\":\"CommentAction\",\"name\":\"Comment\",\"target\":[\"https:\/\/chastel-marechal.com\/en\/jean-royere-brochure-of-the-exhibition-2005-galerie-chastel-marechal\/#respond\"]}]},{\"@type\":\"WebPage\",\"@id\":\"https:\/\/chastel-marechal.com\/en\/jean-royere-brochure-of-the-exhibition-2005-galerie-chastel-marechal\/\",\"url\":\"https:\/\/chastel-marechal.com\/en\/jean-royere-brochure-of-the-exhibition-2005-galerie-chastel-marechal\/\",\"name\":\"Jean Roy\u00e8re, Brochure of the exhibition, 2005, Galerie Chastel-Mar\u00e9chal - Galerie Chastel Mar\u00e9chal\",\"isPartOf\":{\"@id\":\"https:\/\/chastel-marechal.com\/en\/#website\"},\"primaryImageOfPage\":{\"@id\":\"https:\/\/chastel-marechal.com\/en\/jean-royere-brochure-of-the-exhibition-2005-galerie-chastel-marechal\/#primaryimage\"},\"image\":{\"@id\":\"https:\/\/chastel-marechal.com\/en\/jean-royere-brochure-of-the-exhibition-2005-galerie-chastel-marechal\/#primaryimage\"},\"thumbnailUrl\":\"https:\/\/chastel-marechal.com\/wp-content\/uploads\/2018\/02\/depliant_royeere-vignette.jpg\",\"datePublished\":\"2018-03-04T15:54:31+00:00\",\"dateModified\":\"2019-03-19T14:07:39+00:00\",\"description\":\"Jean Roy\u00e8re, Brochure of the exhibition, 2005, Galerie Chastel-Mar\u00e9chal\",\"breadcrumb\":{\"@id\":\"https:\/\/chastel-marechal.com\/en\/jean-royere-brochure-of-the-exhibition-2005-galerie-chastel-marechal\/#breadcrumb\"},\"inLanguage\":\"en-US\",\"potentialAction\":[{\"@type\":\"ReadAction\",\"target\":[\"https:\/\/chastel-marechal.com\/en\/jean-royere-brochure-of-the-exhibition-2005-galerie-chastel-marechal\/\"]}]},{\"@type\":\"ImageObject\",\"inLanguage\":\"en-US\",\"@id\":\"https:\/\/chastel-marechal.com\/en\/jean-royere-brochure-of-the-exhibition-2005-galerie-chastel-marechal\/#primaryimage\",\"url\":\"https:\/\/chastel-marechal.com\/wp-content\/uploads\/2018\/02\/depliant_royeere-vignette.jpg\",\"contentUrl\":\"https:\/\/chastel-marechal.com\/wp-content\/uploads\/2018\/02\/depliant_royeere-vignette.jpg\",\"width\":1462,\"height\":1463},{\"@type\":\"BreadcrumbList\",\"@id\":\"https:\/\/chastel-marechal.com\/en\/jean-royere-brochure-of-the-exhibition-2005-galerie-chastel-marechal\/#breadcrumb\",\"itemListElement\":[{\"@type\":\"ListItem\",\"position\":1,\"name\":\"Accueil\",\"item\":\"https:\/\/chastel-marechal.com\/en\/\"},{\"@type\":\"ListItem\",\"position\":2,\"name\":\"Jean Roy\u00e8re, Brochure of the exhibition, 2005, Galerie Chastel-Mar\u00e9chal\"}]},{\"@type\":\"WebSite\",\"@id\":\"https:\/\/chastel-marechal.com\/en\/#website\",\"url\":\"https:\/\/chastel-marechal.com\/en\/\",\"name\":\"Galerie Chastel Mar\u00e9chal\",\"description\":\"Arts d\u00e9coratifs du XX\u00e8me si\u00e8cle\",\"publisher\":{\"@id\":\"https:\/\/chastel-marechal.com\/en\/#organization\"},\"potentialAction\":[{\"@type\":\"SearchAction\",\"target\":{\"@type\":\"EntryPoint\",\"urlTemplate\":\"https:\/\/chastel-marechal.com\/en\/?s={search_term_string}\"},\"query-input\":{\"@type\":\"PropertyValueSpecification\",\"valueRequired\":true,\"valueName\":\"search_term_string\"}}],\"inLanguage\":\"en-US\"},{\"@type\":\"Organization\",\"@id\":\"https:\/\/chastel-marechal.com\/en\/#organization\",\"name\":\"Galerie Chastel Mar\u00e9chal\",\"url\":\"https:\/\/chastel-marechal.com\/en\/\",\"logo\":{\"@type\":\"ImageObject\",\"inLanguage\":\"en-US\",\"@id\":\"https:\/\/chastel-marechal.com\/en\/#\/schema\/logo\/image\/\",\"url\":\"https:\/\/www.chastel-marechal.com\/wp-content\/uploads\/2016\/08\/galerie-chastel-marechal-logo.png\",\"contentUrl\":\"https:\/\/www.chastel-marechal.com\/wp-content\/uploads\/2016\/08\/galerie-chastel-marechal-logo.png\",\"width\":800,\"height\":103,\"caption\":\"Galerie Chastel Mar\u00e9chal\"},\"image\":{\"@id\":\"https:\/\/chastel-marechal.com\/en\/#\/schema\/logo\/image\/\"},\"sameAs\":[\"https:\/\/www.facebook.com\/galerie.chastelmarechal\/\",\"https:\/\/x.com\/chastelmarechal\",\"https:\/\/www.instagram.com\/galeriechastelmarechal\/\",\"https:\/\/fr.pinterest.com\/galerieCM\/\"]},{\"@type\":\"Person\",\"@id\":\"https:\/\/chastel-marechal.com\/en\/#\/schema\/person\/66b6a71e9773055cbd52957de8999bec\",\"name\":\"Galerie Chastel Mar\u00e9chal\",\"image\":{\"@type\":\"ImageObject\",\"inLanguage\":\"en-US\",\"@id\":\"https:\/\/chastel-marechal.com\/en\/#\/schema\/person\/image\/\",\"url\":\"https:\/\/secure.gravatar.com\/avatar\/9e3ef5914e85a2475b99ea48256e9a225bf809b9d6417fac95b207dd8583de5a?s=96&d=mm&r=g\",\"contentUrl\":\"https:\/\/secure.gravatar.com\/avatar\/9e3ef5914e85a2475b99ea48256e9a225bf809b9d6417fac95b207dd8583de5a?s=96&d=mm&r=g\",\"caption\":\"Galerie Chastel Mar\u00e9chal\"},\"url\":\"https:\/\/chastel-marechal.com\/en\/author\/chastel\/\"}]}<\/script>\n<!-- \/ Yoast SEO plugin. -->","yoast_head_json":{"title":"Jean Roy\u00e8re, Brochure of the exhibition, 2005, Galerie Chastel-Mar\u00e9chal - Galerie Chastel Mar\u00e9chal","description":"Jean Roy\u00e8re, Brochure of the exhibition, 2005, Galerie Chastel-Mar\u00e9chal","robots":{"index":"index","follow":"follow","max-snippet":"max-snippet:-1","max-image-preview":"max-image-preview:large","max-video-preview":"max-video-preview:-1"},"canonical":"https:\/\/chastel-marechal.com\/en\/jean-royere-brochure-of-the-exhibition-2005-galerie-chastel-marechal\/","og_locale":"en_US","og_type":"article","og_title":"Jean Roy\u00e8re, Brochure of the exhibition, 2005, Galerie Chastel-Mar\u00e9chal - Galerie Chastel Mar\u00e9chal","og_description":"Jean Roy\u00e8re, Brochure of the exhibition, 2005, Galerie Chastel-Mar\u00e9chal","og_url":"https:\/\/chastel-marechal.com\/en\/jean-royere-brochure-of-the-exhibition-2005-galerie-chastel-marechal\/","og_site_name":"Galerie Chastel Mar\u00e9chal","article_publisher":"https:\/\/www.facebook.com\/galerie.chastelmarechal\/","article_published_time":"2018-03-04T15:54:31+00:00","article_modified_time":"2019-03-19T14:07:39+00:00","og_image":[{"width":1462,"height":1463,"url":"https:\/\/chastel-marechal.com\/wp-content\/uploads\/2018\/02\/depliant_royeere-vignette.jpg","type":"image\/jpeg"}],"author":"Galerie Chastel Mar\u00e9chal","twitter_card":"summary_large_image","twitter_creator":"@chastelmarechal","twitter_site":"@chastelmarechal","twitter_misc":{"Written by":"Galerie Chastel Mar\u00e9chal"},"schema":{"@context":"https:\/\/schema.org","@graph":[{"@type":"Article","@id":"https:\/\/chastel-marechal.com\/en\/jean-royere-brochure-of-the-exhibition-2005-galerie-chastel-marechal\/#article","isPartOf":{"@id":"https:\/\/chastel-marechal.com\/en\/jean-royere-brochure-of-the-exhibition-2005-galerie-chastel-marechal\/"},"author":{"name":"Galerie Chastel Mar\u00e9chal","@id":"https:\/\/chastel-marechal.com\/en\/#\/schema\/person\/66b6a71e9773055cbd52957de8999bec"},"headline":"Jean Roy\u00e8re, Brochure of the exhibition, 2005, Galerie Chastel-Mar\u00e9chal","datePublished":"2018-03-04T15:54:31+00:00","dateModified":"2019-03-19T14:07:39+00:00","mainEntityOfPage":{"@id":"https:\/\/chastel-marechal.com\/en\/jean-royere-brochure-of-the-exhibition-2005-galerie-chastel-marechal\/"},"wordCount":79,"commentCount":0,"publisher":{"@id":"https:\/\/chastel-marechal.com\/en\/#organization"},"image":{"@id":"https:\/\/chastel-marechal.com\/en\/jean-royere-brochure-of-the-exhibition-2005-galerie-chastel-marechal\/#primaryimage"},"thumbnailUrl":"https:\/\/chastel-marechal.com\/wp-content\/uploads\/2018\/02\/depliant_royeere-vignette.jpg","keywords":["chastel mar\u00e9chal","exposition","Galerie Chastel Mar\u00e9chal","Jean roy\u00e8re","roy\u00e8re"],"articleSection":["Publications"],"inLanguage":"en-US","potentialAction":[{"@type":"CommentAction","name":"Comment","target":["https:\/\/chastel-marechal.com\/en\/jean-royere-brochure-of-the-exhibition-2005-galerie-chastel-marechal\/#respond"]}]},{"@type":"WebPage","@id":"https:\/\/chastel-marechal.com\/en\/jean-royere-brochure-of-the-exhibition-2005-galerie-chastel-marechal\/","url":"https:\/\/chastel-marechal.com\/en\/jean-royere-brochure-of-the-exhibition-2005-galerie-chastel-marechal\/","name":"Jean Roy\u00e8re, Brochure of the exhibition, 2005, Galerie Chastel-Mar\u00e9chal - Galerie Chastel Mar\u00e9chal","isPartOf":{"@id":"https:\/\/chastel-marechal.com\/en\/#website"},"primaryImageOfPage":{"@id":"https:\/\/chastel-marechal.com\/en\/jean-royere-brochure-of-the-exhibition-2005-galerie-chastel-marechal\/#primaryimage"},"image":{"@id":"https:\/\/chastel-marechal.com\/en\/jean-royere-brochure-of-the-exhibition-2005-galerie-chastel-marechal\/#primaryimage"},"thumbnailUrl":"https:\/\/chastel-marechal.com\/wp-content\/uploads\/2018\/02\/depliant_royeere-vignette.jpg","datePublished":"2018-03-04T15:54:31+00:00","dateModified":"2019-03-19T14:07:39+00:00","description":"Jean Roy\u00e8re, Brochure of the exhibition, 2005, Galerie Chastel-Mar\u00e9chal","breadcrumb":{"@id":"https:\/\/chastel-marechal.com\/en\/jean-royere-brochure-of-the-exhibition-2005-galerie-chastel-marechal\/#breadcrumb"},"inLanguage":"en-US","potentialAction":[{"@type":"ReadAction","target":["https:\/\/chastel-marechal.com\/en\/jean-royere-brochure-of-the-exhibition-2005-galerie-chastel-marechal\/"]}]},{"@type":"ImageObject","inLanguage":"en-US","@id":"https:\/\/chastel-marechal.com\/en\/jean-royere-brochure-of-the-exhibition-2005-galerie-chastel-marechal\/#primaryimage","url":"https:\/\/chastel-marechal.com\/wp-content\/uploads\/2018\/02\/depliant_royeere-vignette.jpg","contentUrl":"https:\/\/chastel-marechal.com\/wp-content\/uploads\/2018\/02\/depliant_royeere-vignette.jpg","width":1462,"height":1463},{"@type":"BreadcrumbList","@id":"https:\/\/chastel-marechal.com\/en\/jean-royere-brochure-of-the-exhibition-2005-galerie-chastel-marechal\/#breadcrumb","itemListElement":[{"@type":"ListItem","position":1,"name":"Accueil","item":"https:\/\/chastel-marechal.com\/en\/"},{"@type":"ListItem","position":2,"name":"Jean Roy\u00e8re, Brochure of the exhibition, 2005, Galerie Chastel-Mar\u00e9chal"}]},{"@type":"WebSite","@id":"https:\/\/chastel-marechal.com\/en\/#website","url":"https:\/\/chastel-marechal.com\/en\/","name":"Galerie Chastel Mar\u00e9chal","description":"Arts d\u00e9coratifs du XX\u00e8me si\u00e8cle","publisher":{"@id":"https:\/\/chastel-marechal.com\/en\/#organization"},"potentialAction":[{"@type":"SearchAction","target":{"@type":"EntryPoint","urlTemplate":"https:\/\/chastel-marechal.com\/en\/?s={search_term_string}"},"query-input":{"@type":"PropertyValueSpecification","valueRequired":true,"valueName":"search_term_string"}}],"inLanguage":"en-US"},{"@type":"Organization","@id":"https:\/\/chastel-marechal.com\/en\/#organization","name":"Galerie Chastel Mar\u00e9chal","url":"https:\/\/chastel-marechal.com\/en\/","logo":{"@type":"ImageObject","inLanguage":"en-US","@id":"https:\/\/chastel-marechal.com\/en\/#\/schema\/logo\/image\/","url":"https:\/\/www.chastel-marechal.com\/wp-content\/uploads\/2016\/08\/galerie-chastel-marechal-logo.png","contentUrl":"https:\/\/www.chastel-marechal.com\/wp-content\/uploads\/2016\/08\/galerie-chastel-marechal-logo.png","width":800,"height":103,"caption":"Galerie Chastel Mar\u00e9chal"},"image":{"@id":"https:\/\/chastel-marechal.com\/en\/#\/schema\/logo\/image\/"},"sameAs":["https:\/\/www.facebook.com\/galerie.chastelmarechal\/","https:\/\/x.com\/chastelmarechal","https:\/\/www.instagram.com\/galeriechastelmarechal\/","https:\/\/fr.pinterest.com\/galerieCM\/"]},{"@type":"Person","@id":"https:\/\/chastel-marechal.com\/en\/#\/schema\/person\/66b6a71e9773055cbd52957de8999bec","name":"Galerie Chastel Mar\u00e9chal","image":{"@type":"ImageObject","inLanguage":"en-US","@id":"https:\/\/chastel-marechal.com\/en\/#\/schema\/person\/image\/","url":"https:\/\/secure.gravatar.com\/avatar\/9e3ef5914e85a2475b99ea48256e9a225bf809b9d6417fac95b207dd8583de5a?s=96&d=mm&r=g","contentUrl":"https:\/\/secure.gravatar.com\/avatar\/9e3ef5914e85a2475b99ea48256e9a225bf809b9d6417fac95b207dd8583de5a?s=96&d=mm&r=g","caption":"Galerie Chastel Mar\u00e9chal"},"url":"https:\/\/chastel-marechal.com\/en\/author\/chastel\/"}]}},"acf":[],"_links":{"self":[{"href":"https:\/\/chastel-marechal.com\/en\/wp-json\/wp\/v2\/posts\/9164","targetHints":{"allow":["GET"]}}],"collection":[{"href":"https:\/\/chastel-marechal.com\/en\/wp-json\/wp\/v2\/posts"}],"about":[{"href":"https:\/\/chastel-marechal.com\/en\/wp-json\/wp\/v2\/types\/post"}],"author":[{"embeddable":true,"href":"https:\/\/chastel-marechal.com\/en\/wp-json\/wp\/v2\/users\/2"}],"replies":[{"embeddable":true,"href":"https:\/\/chastel-marechal.com\/en\/wp-json\/wp\/v2\/comments?post=9164"}],"version-history":[{"count":5,"href":"https:\/\/chastel-marechal.com\/en\/wp-json\/wp\/v2\/posts\/9164\/revisions"}],"predecessor-version":[{"id":9486,"href":"https:\/\/chastel-marechal.com\/en\/wp-json\/wp\/v2\/posts\/9164\/revisions\/9486"}],"wp:featuredmedia":[{"embeddable":true,"href":"https:\/\/chastel-marechal.com\/en\/wp-json\/wp\/v2\/media\/11903"}],"wp:attachment":[{"href":"https:\/\/chastel-marechal.com\/en\/wp-json\/wp\/v2\/media?parent=9164"}],"wp:term":[{"taxonomy":"category","embeddable":true,"href":"https:\/\/chastel-marechal.com\/en\/wp-json\/wp\/v2\/categories?post=9164"},{"taxonomy":"post_tag","embeddable":true,"href":"https:\/\/chastel-marechal.com\/en\/wp-json\/wp\/v2\/tags?post=9164"}],"curies":[{"name":"wp","href":"https:\/\/api.w.org\/{rel}","templated":true}]}}