{"id":9272,"date":"2018-03-08T16:08:46","date_gmt":"2018-03-08T15:08:46","guid":{"rendered":"https:\/\/chastel-marechal.com\/en\/?p=9272"},"modified":"2019-03-22T10:38:38","modified_gmt":"2019-03-22T09:38:38","slug":"enjean-charles-moreux-baroque-et-surrealisme-susan-day-ed-galerie-chastel-marechal-2012-p-80","status":"publish","type":"post","link":"https:\/\/chastel-marechal.com\/en\/enjean-charles-moreux-baroque-et-surrealisme-susan-day-ed-galerie-chastel-marechal-2012-p-80\/","title":{"rendered":"&#8220;Jean-Charles Moreux, Baroque et Surr\u00e9alisme&#8221;, Susan Day, exhibition catalogue, Galerie Chastel-Mar\u00e9chal, Paris, septembre 2012"},"content":{"rendered":"<p>[et_pb_section admin_label=&#8221;section&#8221;][et_pb_row admin_label=&#8221;row&#8221;][et_pb_column type=&#8221;4_4&#8243;][et_pb_text admin_label=&#8221;Text&#8221; background_layout=&#8221;light&#8221; text_orientation=&#8221;center&#8221; use_border_color=&#8221;off&#8221; border_color=&#8221;#ffffff&#8221; border_style=&#8221;solid&#8221;]<\/p>\n<h4 style=\"text-align: center;\"><em>Jean-Charles Moreux, baroque et surr\u00e9alisme<\/em>, text by Susan Day, bilingual edition by galerie Chastel-Mar\u00e9chal, Paris, 2012, 80 pages.<\/h4>\n<p>[\/et_pb_text][et_pb_image admin_label=&#8221;Image&#8221; src=&#8221;https:\/\/chastel-marechal.com\/wp-content\/uploads\/2018\/03\/moreux-1couv.jpg&#8221; show_in_lightbox=&#8221;off&#8221; url_new_window=&#8221;off&#8221; use_overlay=&#8221;off&#8221; animation=&#8221;left&#8221; sticky=&#8221;off&#8221; align=&#8221;left&#8221; force_fullwidth=&#8221;off&#8221; always_center_on_mobile=&#8221;on&#8221; use_border_color=&#8221;off&#8221; border_color=&#8221;#ffffff&#8221; border_style=&#8221;solid&#8221;] [\/et_pb_image][et_pb_gallery admin_label=&#8221;Gallery&#8221; gallery_ids=&#8221;9600,9602,9604,9608,9606,9610&#8243; fullwidth=&#8221;on&#8221; show_title_and_caption=&#8221;on&#8221; show_pagination=&#8221;on&#8221; background_layout=&#8221;light&#8221; auto=&#8221;off&#8221; hover_overlay_color=&#8221;rgba(255,255,255,0.9)&#8221; caption_all_caps=&#8221;off&#8221; use_border_color=&#8221;off&#8221; border_color=&#8221;#ffffff&#8221; border_style=&#8221;solid&#8221; \/][\/et_pb_column][\/et_pb_row][\/et_pb_section]<\/p>\n","protected":false},"excerpt":{"rendered":"<p>Jean-Charles Moreux, baroque et surr\u00e9alisme, text by Susan Day, bilingual edition by galerie Chastel-Mar\u00e9chal, Paris, 2012, 80 pages.<\/p>\n","protected":false},"author":2,"featured_media":11954,"comment_status":"open","ping_status":"open","sticky":false,"template":"","format":"standard","meta":{"_et_pb_use_builder":"on","_et_pb_old_content":"","_et_gb_content_width":"","footnotes":""},"categories":[1540],"tags":[902,584,865,568,900,877,901,903],"class_list":["post-9272","post","type-post","status-publish","format-standard","has-post-thumbnail","hentry","category-publications-en","tag-baroque-et-surrealisme","tag-chastel-marechal-en","tag-exposition-en","tag-galerie-chastel-marechal-en","tag-jean-charles-moreux","tag-le-promeneur-en","tag-moreux","tag-susan-day"],"yoast_head":"<!-- This site is optimized with the Yoast SEO plugin v25.1 - https:\/\/yoast.com\/wordpress\/plugins\/seo\/ -->\n<title>&quot;Jean-Charles Moreux, Baroque et Surr\u00e9alisme&quot;, Susan Day, exhibition catalogue, Galerie Chastel-Mar\u00e9chal, Paris, septembre 2012 - Galerie Chastel Mar\u00e9chal<\/title>\n<meta name=\"description\" content=\"&quot;Jean-Charles Moreux, Baroque et Surr\u00e9alisme&quot;, Susan Day, exhibition catalogue, Galerie Chastel-Mar\u00e9chal, Paris, septembre 2012\" \/>\n<meta name=\"robots\" content=\"index, follow, max-snippet:-1, max-image-preview:large, max-video-preview:-1\" \/>\n<link rel=\"canonical\" href=\"https:\/\/chastel-marechal.com\/en\/enjean-charles-moreux-baroque-et-surrealisme-susan-day-ed-galerie-chastel-marechal-2012-p-80\/\" \/>\n<meta property=\"og:locale\" content=\"en_US\" \/>\n<meta property=\"og:type\" content=\"article\" \/>\n<meta property=\"og:title\" content=\"&quot;Jean-Charles Moreux, Baroque et Surr\u00e9alisme&quot;, Susan Day, exhibition catalogue, Galerie Chastel-Mar\u00e9chal, Paris, septembre 2012 - Galerie Chastel Mar\u00e9chal\" \/>\n<meta property=\"og:description\" content=\"&quot;Jean-Charles Moreux, Baroque et Surr\u00e9alisme&quot;, Susan Day, exhibition catalogue, Galerie Chastel-Mar\u00e9chal, Paris, septembre 2012\" \/>\n<meta property=\"og:url\" content=\"https:\/\/chastel-marechal.com\/en\/enjean-charles-moreux-baroque-et-surrealisme-susan-day-ed-galerie-chastel-marechal-2012-p-80\/\" \/>\n<meta property=\"og:site_name\" content=\"Galerie Chastel Mar\u00e9chal\" \/>\n<meta property=\"article:publisher\" content=\"https:\/\/www.facebook.com\/galerie.chastelmarechal\/\" \/>\n<meta property=\"article:published_time\" content=\"2018-03-08T15:08:46+00:00\" \/>\n<meta property=\"article:modified_time\" content=\"2019-03-22T09:38:38+00:00\" \/>\n<meta property=\"og:image\" content=\"https:\/\/chastel-marechal.com\/wp-content\/uploads\/2018\/03\/moreux-1couv-v.jpg\" \/>\n\t<meta property=\"og:image:width\" content=\"2000\" \/>\n\t<meta property=\"og:image:height\" content=\"2000\" \/>\n\t<meta property=\"og:image:type\" content=\"image\/jpeg\" \/>\n<meta name=\"author\" content=\"Galerie Chastel Mar\u00e9chal\" \/>\n<meta name=\"twitter:card\" content=\"summary_large_image\" \/>\n<meta name=\"twitter:creator\" content=\"@chastelmarechal\" \/>\n<meta name=\"twitter:site\" content=\"@chastelmarechal\" \/>\n<meta name=\"twitter:label1\" content=\"Written by\" \/>\n\t<meta name=\"twitter:data1\" content=\"Galerie Chastel Mar\u00e9chal\" \/>\n\t<meta name=\"twitter:label2\" content=\"Est. reading time\" \/>\n\t<meta name=\"twitter:data2\" content=\"1 minute\" \/>\n<script type=\"application\/ld+json\" class=\"yoast-schema-graph\">{\"@context\":\"https:\/\/schema.org\",\"@graph\":[{\"@type\":\"Article\",\"@id\":\"https:\/\/chastel-marechal.com\/en\/enjean-charles-moreux-baroque-et-surrealisme-susan-day-ed-galerie-chastel-marechal-2012-p-80\/#article\",\"isPartOf\":{\"@id\":\"https:\/\/chastel-marechal.com\/en\/enjean-charles-moreux-baroque-et-surrealisme-susan-day-ed-galerie-chastel-marechal-2012-p-80\/\"},\"author\":{\"name\":\"Galerie Chastel Mar\u00e9chal\",\"@id\":\"https:\/\/chastel-marechal.com\/en\/#\/schema\/person\/66b6a71e9773055cbd52957de8999bec\"},\"headline\":\"&#8220;Jean-Charles Moreux, Baroque et Surr\u00e9alisme&#8221;, Susan Day, exhibition catalogue, Galerie Chastel-Mar\u00e9chal, Paris, septembre 2012\",\"datePublished\":\"2018-03-08T15:08:46+00:00\",\"dateModified\":\"2019-03-22T09:38:38+00:00\",\"mainEntityOfPage\":{\"@id\":\"https:\/\/chastel-marechal.com\/en\/enjean-charles-moreux-baroque-et-surrealisme-susan-day-ed-galerie-chastel-marechal-2012-p-80\/\"},\"wordCount\":177,\"commentCount\":0,\"publisher\":{\"@id\":\"https:\/\/chastel-marechal.com\/en\/#organization\"},\"image\":{\"@id\":\"https:\/\/chastel-marechal.com\/en\/enjean-charles-moreux-baroque-et-surrealisme-susan-day-ed-galerie-chastel-marechal-2012-p-80\/#primaryimage\"},\"thumbnailUrl\":\"https:\/\/chastel-marechal.com\/wp-content\/uploads\/2018\/03\/moreux-1couv-v.jpg\",\"keywords\":[\"baroque et surr\u00e9alisme\",\"chastel mar\u00e9chal\",\"exposition\",\"Galerie Chastel Mar\u00e9chal\",\"Jean-Charles Moreux\",\"le promeneur\",\"Moreux\",\"Susan Day\"],\"articleSection\":[\"Publications\"],\"inLanguage\":\"en-US\",\"potentialAction\":[{\"@type\":\"CommentAction\",\"name\":\"Comment\",\"target\":[\"https:\/\/chastel-marechal.com\/en\/enjean-charles-moreux-baroque-et-surrealisme-susan-day-ed-galerie-chastel-marechal-2012-p-80\/#respond\"]}]},{\"@type\":\"WebPage\",\"@id\":\"https:\/\/chastel-marechal.com\/en\/enjean-charles-moreux-baroque-et-surrealisme-susan-day-ed-galerie-chastel-marechal-2012-p-80\/\",\"url\":\"https:\/\/chastel-marechal.com\/en\/enjean-charles-moreux-baroque-et-surrealisme-susan-day-ed-galerie-chastel-marechal-2012-p-80\/\",\"name\":\"\\\"Jean-Charles Moreux, Baroque et Surr\u00e9alisme\\\", Susan Day, exhibition catalogue, Galerie Chastel-Mar\u00e9chal, Paris, septembre 2012 - Galerie Chastel Mar\u00e9chal\",\"isPartOf\":{\"@id\":\"https:\/\/chastel-marechal.com\/en\/#website\"},\"primaryImageOfPage\":{\"@id\":\"https:\/\/chastel-marechal.com\/en\/enjean-charles-moreux-baroque-et-surrealisme-susan-day-ed-galerie-chastel-marechal-2012-p-80\/#primaryimage\"},\"image\":{\"@id\":\"https:\/\/chastel-marechal.com\/en\/enjean-charles-moreux-baroque-et-surrealisme-susan-day-ed-galerie-chastel-marechal-2012-p-80\/#primaryimage\"},\"thumbnailUrl\":\"https:\/\/chastel-marechal.com\/wp-content\/uploads\/2018\/03\/moreux-1couv-v.jpg\",\"datePublished\":\"2018-03-08T15:08:46+00:00\",\"dateModified\":\"2019-03-22T09:38:38+00:00\",\"description\":\"\\\"Jean-Charles Moreux, Baroque et Surr\u00e9alisme\\\", Susan Day, exhibition catalogue, Galerie Chastel-Mar\u00e9chal, Paris, septembre 2012\",\"breadcrumb\":{\"@id\":\"https:\/\/chastel-marechal.com\/en\/enjean-charles-moreux-baroque-et-surrealisme-susan-day-ed-galerie-chastel-marechal-2012-p-80\/#breadcrumb\"},\"inLanguage\":\"en-US\",\"potentialAction\":[{\"@type\":\"ReadAction\",\"target\":[\"https:\/\/chastel-marechal.com\/en\/enjean-charles-moreux-baroque-et-surrealisme-susan-day-ed-galerie-chastel-marechal-2012-p-80\/\"]}]},{\"@type\":\"ImageObject\",\"inLanguage\":\"en-US\",\"@id\":\"https:\/\/chastel-marechal.com\/en\/enjean-charles-moreux-baroque-et-surrealisme-susan-day-ed-galerie-chastel-marechal-2012-p-80\/#primaryimage\",\"url\":\"https:\/\/chastel-marechal.com\/wp-content\/uploads\/2018\/03\/moreux-1couv-v.jpg\",\"contentUrl\":\"https:\/\/chastel-marechal.com\/wp-content\/uploads\/2018\/03\/moreux-1couv-v.jpg\",\"width\":2000,\"height\":2000},{\"@type\":\"BreadcrumbList\",\"@id\":\"https:\/\/chastel-marechal.com\/en\/enjean-charles-moreux-baroque-et-surrealisme-susan-day-ed-galerie-chastel-marechal-2012-p-80\/#breadcrumb\",\"itemListElement\":[{\"@type\":\"ListItem\",\"position\":1,\"name\":\"Accueil\",\"item\":\"https:\/\/chastel-marechal.com\/en\/\"},{\"@type\":\"ListItem\",\"position\":2,\"name\":\"&#8220;Jean-Charles Moreux, Baroque et Surr\u00e9alisme&#8221;, Susan Day, exhibition catalogue, Galerie Chastel-Mar\u00e9chal, Paris, septembre 2012\"}]},{\"@type\":\"WebSite\",\"@id\":\"https:\/\/chastel-marechal.com\/en\/#website\",\"url\":\"https:\/\/chastel-marechal.com\/en\/\",\"name\":\"Galerie Chastel Mar\u00e9chal\",\"description\":\"Arts d\u00e9coratifs du XX\u00e8me si\u00e8cle\",\"publisher\":{\"@id\":\"https:\/\/chastel-marechal.com\/en\/#organization\"},\"potentialAction\":[{\"@type\":\"SearchAction\",\"target\":{\"@type\":\"EntryPoint\",\"urlTemplate\":\"https:\/\/chastel-marechal.com\/en\/?s={search_term_string}\"},\"query-input\":{\"@type\":\"PropertyValueSpecification\",\"valueRequired\":true,\"valueName\":\"search_term_string\"}}],\"inLanguage\":\"en-US\"},{\"@type\":\"Organization\",\"@id\":\"https:\/\/chastel-marechal.com\/en\/#organization\",\"name\":\"Galerie Chastel Mar\u00e9chal\",\"url\":\"https:\/\/chastel-marechal.com\/en\/\",\"logo\":{\"@type\":\"ImageObject\",\"inLanguage\":\"en-US\",\"@id\":\"https:\/\/chastel-marechal.com\/en\/#\/schema\/logo\/image\/\",\"url\":\"https:\/\/www.chastel-marechal.com\/wp-content\/uploads\/2016\/08\/galerie-chastel-marechal-logo.png\",\"contentUrl\":\"https:\/\/www.chastel-marechal.com\/wp-content\/uploads\/2016\/08\/galerie-chastel-marechal-logo.png\",\"width\":800,\"height\":103,\"caption\":\"Galerie Chastel Mar\u00e9chal\"},\"image\":{\"@id\":\"https:\/\/chastel-marechal.com\/en\/#\/schema\/logo\/image\/\"},\"sameAs\":[\"https:\/\/www.facebook.com\/galerie.chastelmarechal\/\",\"https:\/\/x.com\/chastelmarechal\",\"https:\/\/www.instagram.com\/galeriechastelmarechal\/\",\"https:\/\/fr.pinterest.com\/galerieCM\/\"]},{\"@type\":\"Person\",\"@id\":\"https:\/\/chastel-marechal.com\/en\/#\/schema\/person\/66b6a71e9773055cbd52957de8999bec\",\"name\":\"Galerie Chastel Mar\u00e9chal\",\"image\":{\"@type\":\"ImageObject\",\"inLanguage\":\"en-US\",\"@id\":\"https:\/\/chastel-marechal.com\/en\/#\/schema\/person\/image\/\",\"url\":\"https:\/\/secure.gravatar.com\/avatar\/9e3ef5914e85a2475b99ea48256e9a225bf809b9d6417fac95b207dd8583de5a?s=96&d=mm&r=g\",\"contentUrl\":\"https:\/\/secure.gravatar.com\/avatar\/9e3ef5914e85a2475b99ea48256e9a225bf809b9d6417fac95b207dd8583de5a?s=96&d=mm&r=g\",\"caption\":\"Galerie Chastel Mar\u00e9chal\"},\"url\":\"https:\/\/chastel-marechal.com\/en\/author\/chastel\/\"}]}<\/script>\n<!-- \/ Yoast SEO plugin. -->","yoast_head_json":{"title":"\"Jean-Charles Moreux, Baroque et Surr\u00e9alisme\", Susan Day, exhibition catalogue, Galerie Chastel-Mar\u00e9chal, Paris, septembre 2012 - Galerie Chastel Mar\u00e9chal","description":"\"Jean-Charles Moreux, Baroque et Surr\u00e9alisme\", Susan Day, exhibition catalogue, Galerie Chastel-Mar\u00e9chal, Paris, septembre 2012","robots":{"index":"index","follow":"follow","max-snippet":"max-snippet:-1","max-image-preview":"max-image-preview:large","max-video-preview":"max-video-preview:-1"},"canonical":"https:\/\/chastel-marechal.com\/en\/enjean-charles-moreux-baroque-et-surrealisme-susan-day-ed-galerie-chastel-marechal-2012-p-80\/","og_locale":"en_US","og_type":"article","og_title":"\"Jean-Charles Moreux, Baroque et Surr\u00e9alisme\", Susan Day, exhibition catalogue, Galerie Chastel-Mar\u00e9chal, Paris, septembre 2012 - Galerie Chastel Mar\u00e9chal","og_description":"\"Jean-Charles Moreux, Baroque et Surr\u00e9alisme\", Susan Day, exhibition catalogue, Galerie Chastel-Mar\u00e9chal, Paris, septembre 2012","og_url":"https:\/\/chastel-marechal.com\/en\/enjean-charles-moreux-baroque-et-surrealisme-susan-day-ed-galerie-chastel-marechal-2012-p-80\/","og_site_name":"Galerie Chastel Mar\u00e9chal","article_publisher":"https:\/\/www.facebook.com\/galerie.chastelmarechal\/","article_published_time":"2018-03-08T15:08:46+00:00","article_modified_time":"2019-03-22T09:38:38+00:00","og_image":[{"width":2000,"height":2000,"url":"https:\/\/chastel-marechal.com\/wp-content\/uploads\/2018\/03\/moreux-1couv-v.jpg","type":"image\/jpeg"}],"author":"Galerie Chastel Mar\u00e9chal","twitter_card":"summary_large_image","twitter_creator":"@chastelmarechal","twitter_site":"@chastelmarechal","twitter_misc":{"Written by":"Galerie Chastel Mar\u00e9chal","Est. reading time":"1 minute"},"schema":{"@context":"https:\/\/schema.org","@graph":[{"@type":"Article","@id":"https:\/\/chastel-marechal.com\/en\/enjean-charles-moreux-baroque-et-surrealisme-susan-day-ed-galerie-chastel-marechal-2012-p-80\/#article","isPartOf":{"@id":"https:\/\/chastel-marechal.com\/en\/enjean-charles-moreux-baroque-et-surrealisme-susan-day-ed-galerie-chastel-marechal-2012-p-80\/"},"author":{"name":"Galerie Chastel Mar\u00e9chal","@id":"https:\/\/chastel-marechal.com\/en\/#\/schema\/person\/66b6a71e9773055cbd52957de8999bec"},"headline":"&#8220;Jean-Charles Moreux, Baroque et Surr\u00e9alisme&#8221;, Susan Day, exhibition catalogue, Galerie Chastel-Mar\u00e9chal, Paris, septembre 2012","datePublished":"2018-03-08T15:08:46+00:00","dateModified":"2019-03-22T09:38:38+00:00","mainEntityOfPage":{"@id":"https:\/\/chastel-marechal.com\/en\/enjean-charles-moreux-baroque-et-surrealisme-susan-day-ed-galerie-chastel-marechal-2012-p-80\/"},"wordCount":177,"commentCount":0,"publisher":{"@id":"https:\/\/chastel-marechal.com\/en\/#organization"},"image":{"@id":"https:\/\/chastel-marechal.com\/en\/enjean-charles-moreux-baroque-et-surrealisme-susan-day-ed-galerie-chastel-marechal-2012-p-80\/#primaryimage"},"thumbnailUrl":"https:\/\/chastel-marechal.com\/wp-content\/uploads\/2018\/03\/moreux-1couv-v.jpg","keywords":["baroque et surr\u00e9alisme","chastel mar\u00e9chal","exposition","Galerie Chastel Mar\u00e9chal","Jean-Charles Moreux","le promeneur","Moreux","Susan Day"],"articleSection":["Publications"],"inLanguage":"en-US","potentialAction":[{"@type":"CommentAction","name":"Comment","target":["https:\/\/chastel-marechal.com\/en\/enjean-charles-moreux-baroque-et-surrealisme-susan-day-ed-galerie-chastel-marechal-2012-p-80\/#respond"]}]},{"@type":"WebPage","@id":"https:\/\/chastel-marechal.com\/en\/enjean-charles-moreux-baroque-et-surrealisme-susan-day-ed-galerie-chastel-marechal-2012-p-80\/","url":"https:\/\/chastel-marechal.com\/en\/enjean-charles-moreux-baroque-et-surrealisme-susan-day-ed-galerie-chastel-marechal-2012-p-80\/","name":"\"Jean-Charles Moreux, Baroque et Surr\u00e9alisme\", Susan Day, exhibition catalogue, Galerie Chastel-Mar\u00e9chal, Paris, septembre 2012 - Galerie Chastel Mar\u00e9chal","isPartOf":{"@id":"https:\/\/chastel-marechal.com\/en\/#website"},"primaryImageOfPage":{"@id":"https:\/\/chastel-marechal.com\/en\/enjean-charles-moreux-baroque-et-surrealisme-susan-day-ed-galerie-chastel-marechal-2012-p-80\/#primaryimage"},"image":{"@id":"https:\/\/chastel-marechal.com\/en\/enjean-charles-moreux-baroque-et-surrealisme-susan-day-ed-galerie-chastel-marechal-2012-p-80\/#primaryimage"},"thumbnailUrl":"https:\/\/chastel-marechal.com\/wp-content\/uploads\/2018\/03\/moreux-1couv-v.jpg","datePublished":"2018-03-08T15:08:46+00:00","dateModified":"2019-03-22T09:38:38+00:00","description":"\"Jean-Charles Moreux, Baroque et Surr\u00e9alisme\", Susan Day, exhibition catalogue, Galerie Chastel-Mar\u00e9chal, Paris, septembre 2012","breadcrumb":{"@id":"https:\/\/chastel-marechal.com\/en\/enjean-charles-moreux-baroque-et-surrealisme-susan-day-ed-galerie-chastel-marechal-2012-p-80\/#breadcrumb"},"inLanguage":"en-US","potentialAction":[{"@type":"ReadAction","target":["https:\/\/chastel-marechal.com\/en\/enjean-charles-moreux-baroque-et-surrealisme-susan-day-ed-galerie-chastel-marechal-2012-p-80\/"]}]},{"@type":"ImageObject","inLanguage":"en-US","@id":"https:\/\/chastel-marechal.com\/en\/enjean-charles-moreux-baroque-et-surrealisme-susan-day-ed-galerie-chastel-marechal-2012-p-80\/#primaryimage","url":"https:\/\/chastel-marechal.com\/wp-content\/uploads\/2018\/03\/moreux-1couv-v.jpg","contentUrl":"https:\/\/chastel-marechal.com\/wp-content\/uploads\/2018\/03\/moreux-1couv-v.jpg","width":2000,"height":2000},{"@type":"BreadcrumbList","@id":"https:\/\/chastel-marechal.com\/en\/enjean-charles-moreux-baroque-et-surrealisme-susan-day-ed-galerie-chastel-marechal-2012-p-80\/#breadcrumb","itemListElement":[{"@type":"ListItem","position":1,"name":"Accueil","item":"https:\/\/chastel-marechal.com\/en\/"},{"@type":"ListItem","position":2,"name":"&#8220;Jean-Charles Moreux, Baroque et Surr\u00e9alisme&#8221;, Susan Day, exhibition catalogue, Galerie Chastel-Mar\u00e9chal, Paris, septembre 2012"}]},{"@type":"WebSite","@id":"https:\/\/chastel-marechal.com\/en\/#website","url":"https:\/\/chastel-marechal.com\/en\/","name":"Galerie Chastel Mar\u00e9chal","description":"Arts d\u00e9coratifs du XX\u00e8me si\u00e8cle","publisher":{"@id":"https:\/\/chastel-marechal.com\/en\/#organization"},"potentialAction":[{"@type":"SearchAction","target":{"@type":"EntryPoint","urlTemplate":"https:\/\/chastel-marechal.com\/en\/?s={search_term_string}"},"query-input":{"@type":"PropertyValueSpecification","valueRequired":true,"valueName":"search_term_string"}}],"inLanguage":"en-US"},{"@type":"Organization","@id":"https:\/\/chastel-marechal.com\/en\/#organization","name":"Galerie Chastel Mar\u00e9chal","url":"https:\/\/chastel-marechal.com\/en\/","logo":{"@type":"ImageObject","inLanguage":"en-US","@id":"https:\/\/chastel-marechal.com\/en\/#\/schema\/logo\/image\/","url":"https:\/\/www.chastel-marechal.com\/wp-content\/uploads\/2016\/08\/galerie-chastel-marechal-logo.png","contentUrl":"https:\/\/www.chastel-marechal.com\/wp-content\/uploads\/2016\/08\/galerie-chastel-marechal-logo.png","width":800,"height":103,"caption":"Galerie Chastel Mar\u00e9chal"},"image":{"@id":"https:\/\/chastel-marechal.com\/en\/#\/schema\/logo\/image\/"},"sameAs":["https:\/\/www.facebook.com\/galerie.chastelmarechal\/","https:\/\/x.com\/chastelmarechal","https:\/\/www.instagram.com\/galeriechastelmarechal\/","https:\/\/fr.pinterest.com\/galerieCM\/"]},{"@type":"Person","@id":"https:\/\/chastel-marechal.com\/en\/#\/schema\/person\/66b6a71e9773055cbd52957de8999bec","name":"Galerie Chastel Mar\u00e9chal","image":{"@type":"ImageObject","inLanguage":"en-US","@id":"https:\/\/chastel-marechal.com\/en\/#\/schema\/person\/image\/","url":"https:\/\/secure.gravatar.com\/avatar\/9e3ef5914e85a2475b99ea48256e9a225bf809b9d6417fac95b207dd8583de5a?s=96&d=mm&r=g","contentUrl":"https:\/\/secure.gravatar.com\/avatar\/9e3ef5914e85a2475b99ea48256e9a225bf809b9d6417fac95b207dd8583de5a?s=96&d=mm&r=g","caption":"Galerie Chastel Mar\u00e9chal"},"url":"https:\/\/chastel-marechal.com\/en\/author\/chastel\/"}]}},"acf":[],"_links":{"self":[{"href":"https:\/\/chastel-marechal.com\/en\/wp-json\/wp\/v2\/posts\/9272","targetHints":{"allow":["GET"]}}],"collection":[{"href":"https:\/\/chastel-marechal.com\/en\/wp-json\/wp\/v2\/posts"}],"about":[{"href":"https:\/\/chastel-marechal.com\/en\/wp-json\/wp\/v2\/types\/post"}],"author":[{"embeddable":true,"href":"https:\/\/chastel-marechal.com\/en\/wp-json\/wp\/v2\/users\/2"}],"replies":[{"embeddable":true,"href":"https:\/\/chastel-marechal.com\/en\/wp-json\/wp\/v2\/comments?post=9272"}],"version-history":[{"count":4,"href":"https:\/\/chastel-marechal.com\/en\/wp-json\/wp\/v2\/posts\/9272\/revisions"}],"predecessor-version":[{"id":11993,"href":"https:\/\/chastel-marechal.com\/en\/wp-json\/wp\/v2\/posts\/9272\/revisions\/11993"}],"wp:featuredmedia":[{"embeddable":true,"href":"https:\/\/chastel-marechal.com\/en\/wp-json\/wp\/v2\/media\/11954"}],"wp:attachment":[{"href":"https:\/\/chastel-marechal.com\/en\/wp-json\/wp\/v2\/media?parent=9272"}],"wp:term":[{"taxonomy":"category","embeddable":true,"href":"https:\/\/chastel-marechal.com\/en\/wp-json\/wp\/v2\/categories?post=9272"},{"taxonomy":"post_tag","embeddable":true,"href":"https:\/\/chastel-marechal.com\/en\/wp-json\/wp\/v2\/tags?post=9272"}],"curies":[{"name":"wp","href":"https:\/\/api.w.org\/{rel}","templated":true}]}}