{"id":9317,"date":"2018-03-09T15:24:55","date_gmt":"2018-03-09T14:24:55","guid":{"rendered":"https:\/\/chastel-marechal.com\/en\/?p=9317"},"modified":"2019-03-22T10:43:37","modified_gmt":"2019-03-22T09:43:37","slug":"yonel-lebovici-un-univers-surrealiste-anne-bony-ed-galerie-chastel-marechal-2014-p124","status":"publish","type":"post","link":"https:\/\/chastel-marechal.com\/en\/yonel-lebovici-un-univers-surrealiste-anne-bony-ed-galerie-chastel-marechal-2014-p124\/","title":{"rendered":"&#8220;Yonel Lebovici, un univers surr\u00e9aliste&#8221;, exhibition catalogue, 2014"},"content":{"rendered":"<p>[et_pb_section admin_label=&#8221;section&#8221;][et_pb_row admin_label=&#8221;row&#8221;][et_pb_column type=&#8221;4_4&#8243;][et_pb_text admin_label=&#8221;Text&#8221; background_layout=&#8221;light&#8221; text_orientation=&#8221;center&#8221; use_border_color=&#8221;off&#8221; border_color=&#8221;#ffffff&#8221; border_style=&#8221;solid&#8221;]<\/p>\n<h4 style=\"text-align: center;\"><em>Yonel Lebovici, un univers surr\u00e9aliste<\/em>, text by\u00a0 Anne Bony, bilingual edition galerie Chastel-Mar\u00e9chal, Paris, 2014, 124 pages.<\/h4>\n<p>[\/et_pb_text][et_pb_image admin_label=&#8221;Image&#8221; src=&#8221;https:\/\/chastel-marechal.com\/wp-content\/uploads\/2018\/02\/yonel-lebovici-un-univers-surrealiste-catalogue-exposition-2014_couv.jpg&#8221; alt=&#8221;Yonel Lebovici, Lebovici, un univers surr\u00e9aliste, catalogue, exposition, 2014&#8243; show_in_lightbox=&#8221;off&#8221; url_new_window=&#8221;off&#8221; use_overlay=&#8221;off&#8221; animation=&#8221;left&#8221; sticky=&#8221;off&#8221; align=&#8221;center&#8221; force_fullwidth=&#8221;off&#8221; always_center_on_mobile=&#8221;on&#8221; use_border_color=&#8221;off&#8221; border_color=&#8221;#ffffff&#8221; border_style=&#8221;solid&#8221;] [\/et_pb_image][et_pb_gallery admin_label=&#8221;Gallery&#8221; gallery_ids=&#8221;9577,9573,9575,9587,9579,9581,9583,9585&#8243; fullwidth=&#8221;on&#8221; show_title_and_caption=&#8221;on&#8221; show_pagination=&#8221;on&#8221; background_layout=&#8221;light&#8221; auto=&#8221;off&#8221; hover_overlay_color=&#8221;rgba(255,255,255,0.9)&#8221; caption_all_caps=&#8221;off&#8221; use_border_color=&#8221;off&#8221; border_color=&#8221;#ffffff&#8221; border_style=&#8221;solid&#8221;] [\/et_pb_gallery][\/et_pb_column][\/et_pb_row][\/et_pb_section]<\/p>\n","protected":false},"excerpt":{"rendered":"<p>Yonel Lebovici, un univers surr\u00e9aliste, text by\u00a0 Anne Bony, bilingual edition galerie Chastel-Mar\u00e9chal, Paris, 2014, 124 pages.<\/p>\n","protected":false},"author":2,"featured_media":11956,"comment_status":"open","ping_status":"open","sticky":false,"template":"","format":"standard","meta":{"_et_pb_use_builder":"on","_et_pb_old_content":"","_et_gb_content_width":"","footnotes":""},"categories":[1540],"tags":[864,866,867],"class_list":["post-9317","post","type-post","status-publish","format-standard","has-post-thumbnail","hentry","category-publications-en","tag-2014-en","tag-lebovici-en","tag-un-univers-surrealiste-en"],"yoast_head":"<!-- This site is optimized with the Yoast SEO plugin v25.1 - https:\/\/yoast.com\/wordpress\/plugins\/seo\/ -->\n<title>&quot;Yonel Lebovici, un univers surr\u00e9aliste&quot;, exhibition catalogue, 2014 - Galerie Chastel Mar\u00e9chal<\/title>\n<meta name=\"description\" content=\"Yonel Lebovici, un univers surr\u00e9aliste, Texte de Anne Bony, \u00e9dit\u00e9 par la galerie Chastel-Mar\u00e9chal en 2014. Pr\u00e9sentes dans se catalogue les oeuvres expos\u00e9es lors de l&#039;exposition qui lui \u00e9tait consacr\u00e9e en 2014.\" \/>\n<meta name=\"robots\" content=\"index, follow, max-snippet:-1, max-image-preview:large, max-video-preview:-1\" \/>\n<link rel=\"canonical\" href=\"https:\/\/chastel-marechal.com\/en\/yonel-lebovici-un-univers-surrealiste-anne-bony-ed-galerie-chastel-marechal-2014-p124\/\" \/>\n<meta property=\"og:locale\" content=\"en_US\" \/>\n<meta property=\"og:type\" content=\"article\" \/>\n<meta property=\"og:title\" content=\"&quot;Yonel Lebovici, un univers surr\u00e9aliste&quot;, exhibition catalogue, 2014 - Galerie Chastel Mar\u00e9chal\" \/>\n<meta property=\"og:description\" content=\"Yonel Lebovici, un univers surr\u00e9aliste, Texte de Anne Bony, \u00e9dit\u00e9 par la galerie Chastel-Mar\u00e9chal en 2014. Pr\u00e9sentes dans se catalogue les oeuvres expos\u00e9es lors de l&#039;exposition qui lui \u00e9tait consacr\u00e9e en 2014.\" \/>\n<meta property=\"og:url\" content=\"https:\/\/chastel-marechal.com\/en\/yonel-lebovici-un-univers-surrealiste-anne-bony-ed-galerie-chastel-marechal-2014-p124\/\" \/>\n<meta property=\"og:site_name\" content=\"Galerie Chastel Mar\u00e9chal\" \/>\n<meta property=\"article:publisher\" content=\"https:\/\/www.facebook.com\/galerie.chastelmarechal\/\" \/>\n<meta property=\"article:published_time\" content=\"2018-03-09T14:24:55+00:00\" \/>\n<meta property=\"article:modified_time\" content=\"2019-03-22T09:43:37+00:00\" \/>\n<meta property=\"og:image\" content=\"https:\/\/chastel-marechal.com\/wp-content\/uploads\/2018\/03\/yonel-lebovici-un-univers-surrealiste-catalogue-exposition-2014_couv.jpg\" \/>\n\t<meta property=\"og:image:width\" content=\"998\" \/>\n\t<meta property=\"og:image:height\" content=\"999\" \/>\n\t<meta property=\"og:image:type\" content=\"image\/jpeg\" \/>\n<meta name=\"author\" content=\"Galerie Chastel Mar\u00e9chal\" \/>\n<meta name=\"twitter:card\" content=\"summary_large_image\" \/>\n<meta name=\"twitter:creator\" content=\"@chastelmarechal\" \/>\n<meta name=\"twitter:site\" content=\"@chastelmarechal\" \/>\n<meta name=\"twitter:label1\" content=\"Written by\" \/>\n\t<meta name=\"twitter:data1\" content=\"Galerie Chastel Mar\u00e9chal\" \/>\n\t<meta name=\"twitter:label2\" content=\"Est. reading time\" \/>\n\t<meta name=\"twitter:data2\" content=\"1 minute\" \/>\n<script type=\"application\/ld+json\" class=\"yoast-schema-graph\">{\"@context\":\"https:\/\/schema.org\",\"@graph\":[{\"@type\":\"Article\",\"@id\":\"https:\/\/chastel-marechal.com\/en\/yonel-lebovici-un-univers-surrealiste-anne-bony-ed-galerie-chastel-marechal-2014-p124\/#article\",\"isPartOf\":{\"@id\":\"https:\/\/chastel-marechal.com\/en\/yonel-lebovici-un-univers-surrealiste-anne-bony-ed-galerie-chastel-marechal-2014-p124\/\"},\"author\":{\"name\":\"Galerie Chastel Mar\u00e9chal\",\"@id\":\"https:\/\/chastel-marechal.com\/en\/#\/schema\/person\/66b6a71e9773055cbd52957de8999bec\"},\"headline\":\"&#8220;Yonel Lebovici, un univers surr\u00e9aliste&#8221;, exhibition catalogue, 2014\",\"datePublished\":\"2018-03-09T14:24:55+00:00\",\"dateModified\":\"2019-03-22T09:43:37+00:00\",\"mainEntityOfPage\":{\"@id\":\"https:\/\/chastel-marechal.com\/en\/yonel-lebovici-un-univers-surrealiste-anne-bony-ed-galerie-chastel-marechal-2014-p124\/\"},\"wordCount\":182,\"commentCount\":0,\"publisher\":{\"@id\":\"https:\/\/chastel-marechal.com\/en\/#organization\"},\"image\":{\"@id\":\"https:\/\/chastel-marechal.com\/en\/yonel-lebovici-un-univers-surrealiste-anne-bony-ed-galerie-chastel-marechal-2014-p124\/#primaryimage\"},\"thumbnailUrl\":\"https:\/\/chastel-marechal.com\/wp-content\/uploads\/2018\/03\/yonel-lebovici-un-univers-surrealiste-catalogue-exposition-2014_couv.jpg\",\"keywords\":[\"2014\",\"Lebovici\",\"un univers surr\u00e9aliste\"],\"articleSection\":[\"Publications\"],\"inLanguage\":\"en-US\",\"potentialAction\":[{\"@type\":\"CommentAction\",\"name\":\"Comment\",\"target\":[\"https:\/\/chastel-marechal.com\/en\/yonel-lebovici-un-univers-surrealiste-anne-bony-ed-galerie-chastel-marechal-2014-p124\/#respond\"]}]},{\"@type\":\"WebPage\",\"@id\":\"https:\/\/chastel-marechal.com\/en\/yonel-lebovici-un-univers-surrealiste-anne-bony-ed-galerie-chastel-marechal-2014-p124\/\",\"url\":\"https:\/\/chastel-marechal.com\/en\/yonel-lebovici-un-univers-surrealiste-anne-bony-ed-galerie-chastel-marechal-2014-p124\/\",\"name\":\"\\\"Yonel Lebovici, un univers surr\u00e9aliste\\\", exhibition catalogue, 2014 - Galerie Chastel Mar\u00e9chal\",\"isPartOf\":{\"@id\":\"https:\/\/chastel-marechal.com\/en\/#website\"},\"primaryImageOfPage\":{\"@id\":\"https:\/\/chastel-marechal.com\/en\/yonel-lebovici-un-univers-surrealiste-anne-bony-ed-galerie-chastel-marechal-2014-p124\/#primaryimage\"},\"image\":{\"@id\":\"https:\/\/chastel-marechal.com\/en\/yonel-lebovici-un-univers-surrealiste-anne-bony-ed-galerie-chastel-marechal-2014-p124\/#primaryimage\"},\"thumbnailUrl\":\"https:\/\/chastel-marechal.com\/wp-content\/uploads\/2018\/03\/yonel-lebovici-un-univers-surrealiste-catalogue-exposition-2014_couv.jpg\",\"datePublished\":\"2018-03-09T14:24:55+00:00\",\"dateModified\":\"2019-03-22T09:43:37+00:00\",\"description\":\"Yonel Lebovici, un univers surr\u00e9aliste, Texte de Anne Bony, \u00e9dit\u00e9 par la galerie Chastel-Mar\u00e9chal en 2014. Pr\u00e9sentes dans se catalogue les oeuvres expos\u00e9es lors de l'exposition qui lui \u00e9tait consacr\u00e9e en 2014.\",\"breadcrumb\":{\"@id\":\"https:\/\/chastel-marechal.com\/en\/yonel-lebovici-un-univers-surrealiste-anne-bony-ed-galerie-chastel-marechal-2014-p124\/#breadcrumb\"},\"inLanguage\":\"en-US\",\"potentialAction\":[{\"@type\":\"ReadAction\",\"target\":[\"https:\/\/chastel-marechal.com\/en\/yonel-lebovici-un-univers-surrealiste-anne-bony-ed-galerie-chastel-marechal-2014-p124\/\"]}]},{\"@type\":\"ImageObject\",\"inLanguage\":\"en-US\",\"@id\":\"https:\/\/chastel-marechal.com\/en\/yonel-lebovici-un-univers-surrealiste-anne-bony-ed-galerie-chastel-marechal-2014-p124\/#primaryimage\",\"url\":\"https:\/\/chastel-marechal.com\/wp-content\/uploads\/2018\/03\/yonel-lebovici-un-univers-surrealiste-catalogue-exposition-2014_couv.jpg\",\"contentUrl\":\"https:\/\/chastel-marechal.com\/wp-content\/uploads\/2018\/03\/yonel-lebovici-un-univers-surrealiste-catalogue-exposition-2014_couv.jpg\",\"width\":998,\"height\":999},{\"@type\":\"BreadcrumbList\",\"@id\":\"https:\/\/chastel-marechal.com\/en\/yonel-lebovici-un-univers-surrealiste-anne-bony-ed-galerie-chastel-marechal-2014-p124\/#breadcrumb\",\"itemListElement\":[{\"@type\":\"ListItem\",\"position\":1,\"name\":\"Accueil\",\"item\":\"https:\/\/chastel-marechal.com\/en\/\"},{\"@type\":\"ListItem\",\"position\":2,\"name\":\"&#8220;Yonel Lebovici, un univers surr\u00e9aliste&#8221;, exhibition catalogue, 2014\"}]},{\"@type\":\"WebSite\",\"@id\":\"https:\/\/chastel-marechal.com\/en\/#website\",\"url\":\"https:\/\/chastel-marechal.com\/en\/\",\"name\":\"Galerie Chastel Mar\u00e9chal\",\"description\":\"Arts d\u00e9coratifs du XX\u00e8me si\u00e8cle\",\"publisher\":{\"@id\":\"https:\/\/chastel-marechal.com\/en\/#organization\"},\"potentialAction\":[{\"@type\":\"SearchAction\",\"target\":{\"@type\":\"EntryPoint\",\"urlTemplate\":\"https:\/\/chastel-marechal.com\/en\/?s={search_term_string}\"},\"query-input\":{\"@type\":\"PropertyValueSpecification\",\"valueRequired\":true,\"valueName\":\"search_term_string\"}}],\"inLanguage\":\"en-US\"},{\"@type\":\"Organization\",\"@id\":\"https:\/\/chastel-marechal.com\/en\/#organization\",\"name\":\"Galerie Chastel Mar\u00e9chal\",\"url\":\"https:\/\/chastel-marechal.com\/en\/\",\"logo\":{\"@type\":\"ImageObject\",\"inLanguage\":\"en-US\",\"@id\":\"https:\/\/chastel-marechal.com\/en\/#\/schema\/logo\/image\/\",\"url\":\"https:\/\/www.chastel-marechal.com\/wp-content\/uploads\/2016\/08\/galerie-chastel-marechal-logo.png\",\"contentUrl\":\"https:\/\/www.chastel-marechal.com\/wp-content\/uploads\/2016\/08\/galerie-chastel-marechal-logo.png\",\"width\":800,\"height\":103,\"caption\":\"Galerie Chastel Mar\u00e9chal\"},\"image\":{\"@id\":\"https:\/\/chastel-marechal.com\/en\/#\/schema\/logo\/image\/\"},\"sameAs\":[\"https:\/\/www.facebook.com\/galerie.chastelmarechal\/\",\"https:\/\/x.com\/chastelmarechal\",\"https:\/\/www.instagram.com\/galeriechastelmarechal\/\",\"https:\/\/fr.pinterest.com\/galerieCM\/\"]},{\"@type\":\"Person\",\"@id\":\"https:\/\/chastel-marechal.com\/en\/#\/schema\/person\/66b6a71e9773055cbd52957de8999bec\",\"name\":\"Galerie Chastel Mar\u00e9chal\",\"image\":{\"@type\":\"ImageObject\",\"inLanguage\":\"en-US\",\"@id\":\"https:\/\/chastel-marechal.com\/en\/#\/schema\/person\/image\/\",\"url\":\"https:\/\/secure.gravatar.com\/avatar\/9e3ef5914e85a2475b99ea48256e9a225bf809b9d6417fac95b207dd8583de5a?s=96&d=mm&r=g\",\"contentUrl\":\"https:\/\/secure.gravatar.com\/avatar\/9e3ef5914e85a2475b99ea48256e9a225bf809b9d6417fac95b207dd8583de5a?s=96&d=mm&r=g\",\"caption\":\"Galerie Chastel Mar\u00e9chal\"},\"url\":\"https:\/\/chastel-marechal.com\/en\/author\/chastel\/\"}]}<\/script>\n<!-- \/ Yoast SEO plugin. -->","yoast_head_json":{"title":"\"Yonel Lebovici, un univers surr\u00e9aliste\", exhibition catalogue, 2014 - Galerie Chastel Mar\u00e9chal","description":"Yonel Lebovici, un univers surr\u00e9aliste, Texte de Anne Bony, \u00e9dit\u00e9 par la galerie Chastel-Mar\u00e9chal en 2014. Pr\u00e9sentes dans se catalogue les oeuvres expos\u00e9es lors de l'exposition qui lui \u00e9tait consacr\u00e9e en 2014.","robots":{"index":"index","follow":"follow","max-snippet":"max-snippet:-1","max-image-preview":"max-image-preview:large","max-video-preview":"max-video-preview:-1"},"canonical":"https:\/\/chastel-marechal.com\/en\/yonel-lebovici-un-univers-surrealiste-anne-bony-ed-galerie-chastel-marechal-2014-p124\/","og_locale":"en_US","og_type":"article","og_title":"\"Yonel Lebovici, un univers surr\u00e9aliste\", exhibition catalogue, 2014 - Galerie Chastel Mar\u00e9chal","og_description":"Yonel Lebovici, un univers surr\u00e9aliste, Texte de Anne Bony, \u00e9dit\u00e9 par la galerie Chastel-Mar\u00e9chal en 2014. Pr\u00e9sentes dans se catalogue les oeuvres expos\u00e9es lors de l'exposition qui lui \u00e9tait consacr\u00e9e en 2014.","og_url":"https:\/\/chastel-marechal.com\/en\/yonel-lebovici-un-univers-surrealiste-anne-bony-ed-galerie-chastel-marechal-2014-p124\/","og_site_name":"Galerie Chastel Mar\u00e9chal","article_publisher":"https:\/\/www.facebook.com\/galerie.chastelmarechal\/","article_published_time":"2018-03-09T14:24:55+00:00","article_modified_time":"2019-03-22T09:43:37+00:00","og_image":[{"width":998,"height":999,"url":"https:\/\/chastel-marechal.com\/wp-content\/uploads\/2018\/03\/yonel-lebovici-un-univers-surrealiste-catalogue-exposition-2014_couv.jpg","type":"image\/jpeg"}],"author":"Galerie Chastel Mar\u00e9chal","twitter_card":"summary_large_image","twitter_creator":"@chastelmarechal","twitter_site":"@chastelmarechal","twitter_misc":{"Written by":"Galerie Chastel Mar\u00e9chal","Est. reading time":"1 minute"},"schema":{"@context":"https:\/\/schema.org","@graph":[{"@type":"Article","@id":"https:\/\/chastel-marechal.com\/en\/yonel-lebovici-un-univers-surrealiste-anne-bony-ed-galerie-chastel-marechal-2014-p124\/#article","isPartOf":{"@id":"https:\/\/chastel-marechal.com\/en\/yonel-lebovici-un-univers-surrealiste-anne-bony-ed-galerie-chastel-marechal-2014-p124\/"},"author":{"name":"Galerie Chastel Mar\u00e9chal","@id":"https:\/\/chastel-marechal.com\/en\/#\/schema\/person\/66b6a71e9773055cbd52957de8999bec"},"headline":"&#8220;Yonel Lebovici, un univers surr\u00e9aliste&#8221;, exhibition catalogue, 2014","datePublished":"2018-03-09T14:24:55+00:00","dateModified":"2019-03-22T09:43:37+00:00","mainEntityOfPage":{"@id":"https:\/\/chastel-marechal.com\/en\/yonel-lebovici-un-univers-surrealiste-anne-bony-ed-galerie-chastel-marechal-2014-p124\/"},"wordCount":182,"commentCount":0,"publisher":{"@id":"https:\/\/chastel-marechal.com\/en\/#organization"},"image":{"@id":"https:\/\/chastel-marechal.com\/en\/yonel-lebovici-un-univers-surrealiste-anne-bony-ed-galerie-chastel-marechal-2014-p124\/#primaryimage"},"thumbnailUrl":"https:\/\/chastel-marechal.com\/wp-content\/uploads\/2018\/03\/yonel-lebovici-un-univers-surrealiste-catalogue-exposition-2014_couv.jpg","keywords":["2014","Lebovici","un univers surr\u00e9aliste"],"articleSection":["Publications"],"inLanguage":"en-US","potentialAction":[{"@type":"CommentAction","name":"Comment","target":["https:\/\/chastel-marechal.com\/en\/yonel-lebovici-un-univers-surrealiste-anne-bony-ed-galerie-chastel-marechal-2014-p124\/#respond"]}]},{"@type":"WebPage","@id":"https:\/\/chastel-marechal.com\/en\/yonel-lebovici-un-univers-surrealiste-anne-bony-ed-galerie-chastel-marechal-2014-p124\/","url":"https:\/\/chastel-marechal.com\/en\/yonel-lebovici-un-univers-surrealiste-anne-bony-ed-galerie-chastel-marechal-2014-p124\/","name":"\"Yonel Lebovici, un univers surr\u00e9aliste\", exhibition catalogue, 2014 - Galerie Chastel Mar\u00e9chal","isPartOf":{"@id":"https:\/\/chastel-marechal.com\/en\/#website"},"primaryImageOfPage":{"@id":"https:\/\/chastel-marechal.com\/en\/yonel-lebovici-un-univers-surrealiste-anne-bony-ed-galerie-chastel-marechal-2014-p124\/#primaryimage"},"image":{"@id":"https:\/\/chastel-marechal.com\/en\/yonel-lebovici-un-univers-surrealiste-anne-bony-ed-galerie-chastel-marechal-2014-p124\/#primaryimage"},"thumbnailUrl":"https:\/\/chastel-marechal.com\/wp-content\/uploads\/2018\/03\/yonel-lebovici-un-univers-surrealiste-catalogue-exposition-2014_couv.jpg","datePublished":"2018-03-09T14:24:55+00:00","dateModified":"2019-03-22T09:43:37+00:00","description":"Yonel Lebovici, un univers surr\u00e9aliste, Texte de Anne Bony, \u00e9dit\u00e9 par la galerie Chastel-Mar\u00e9chal en 2014. Pr\u00e9sentes dans se catalogue les oeuvres expos\u00e9es lors de l'exposition qui lui \u00e9tait consacr\u00e9e en 2014.","breadcrumb":{"@id":"https:\/\/chastel-marechal.com\/en\/yonel-lebovici-un-univers-surrealiste-anne-bony-ed-galerie-chastel-marechal-2014-p124\/#breadcrumb"},"inLanguage":"en-US","potentialAction":[{"@type":"ReadAction","target":["https:\/\/chastel-marechal.com\/en\/yonel-lebovici-un-univers-surrealiste-anne-bony-ed-galerie-chastel-marechal-2014-p124\/"]}]},{"@type":"ImageObject","inLanguage":"en-US","@id":"https:\/\/chastel-marechal.com\/en\/yonel-lebovici-un-univers-surrealiste-anne-bony-ed-galerie-chastel-marechal-2014-p124\/#primaryimage","url":"https:\/\/chastel-marechal.com\/wp-content\/uploads\/2018\/03\/yonel-lebovici-un-univers-surrealiste-catalogue-exposition-2014_couv.jpg","contentUrl":"https:\/\/chastel-marechal.com\/wp-content\/uploads\/2018\/03\/yonel-lebovici-un-univers-surrealiste-catalogue-exposition-2014_couv.jpg","width":998,"height":999},{"@type":"BreadcrumbList","@id":"https:\/\/chastel-marechal.com\/en\/yonel-lebovici-un-univers-surrealiste-anne-bony-ed-galerie-chastel-marechal-2014-p124\/#breadcrumb","itemListElement":[{"@type":"ListItem","position":1,"name":"Accueil","item":"https:\/\/chastel-marechal.com\/en\/"},{"@type":"ListItem","position":2,"name":"&#8220;Yonel Lebovici, un univers surr\u00e9aliste&#8221;, exhibition catalogue, 2014"}]},{"@type":"WebSite","@id":"https:\/\/chastel-marechal.com\/en\/#website","url":"https:\/\/chastel-marechal.com\/en\/","name":"Galerie Chastel Mar\u00e9chal","description":"Arts d\u00e9coratifs du XX\u00e8me si\u00e8cle","publisher":{"@id":"https:\/\/chastel-marechal.com\/en\/#organization"},"potentialAction":[{"@type":"SearchAction","target":{"@type":"EntryPoint","urlTemplate":"https:\/\/chastel-marechal.com\/en\/?s={search_term_string}"},"query-input":{"@type":"PropertyValueSpecification","valueRequired":true,"valueName":"search_term_string"}}],"inLanguage":"en-US"},{"@type":"Organization","@id":"https:\/\/chastel-marechal.com\/en\/#organization","name":"Galerie Chastel Mar\u00e9chal","url":"https:\/\/chastel-marechal.com\/en\/","logo":{"@type":"ImageObject","inLanguage":"en-US","@id":"https:\/\/chastel-marechal.com\/en\/#\/schema\/logo\/image\/","url":"https:\/\/www.chastel-marechal.com\/wp-content\/uploads\/2016\/08\/galerie-chastel-marechal-logo.png","contentUrl":"https:\/\/www.chastel-marechal.com\/wp-content\/uploads\/2016\/08\/galerie-chastel-marechal-logo.png","width":800,"height":103,"caption":"Galerie Chastel Mar\u00e9chal"},"image":{"@id":"https:\/\/chastel-marechal.com\/en\/#\/schema\/logo\/image\/"},"sameAs":["https:\/\/www.facebook.com\/galerie.chastelmarechal\/","https:\/\/x.com\/chastelmarechal","https:\/\/www.instagram.com\/galeriechastelmarechal\/","https:\/\/fr.pinterest.com\/galerieCM\/"]},{"@type":"Person","@id":"https:\/\/chastel-marechal.com\/en\/#\/schema\/person\/66b6a71e9773055cbd52957de8999bec","name":"Galerie Chastel Mar\u00e9chal","image":{"@type":"ImageObject","inLanguage":"en-US","@id":"https:\/\/chastel-marechal.com\/en\/#\/schema\/person\/image\/","url":"https:\/\/secure.gravatar.com\/avatar\/9e3ef5914e85a2475b99ea48256e9a225bf809b9d6417fac95b207dd8583de5a?s=96&d=mm&r=g","contentUrl":"https:\/\/secure.gravatar.com\/avatar\/9e3ef5914e85a2475b99ea48256e9a225bf809b9d6417fac95b207dd8583de5a?s=96&d=mm&r=g","caption":"Galerie Chastel Mar\u00e9chal"},"url":"https:\/\/chastel-marechal.com\/en\/author\/chastel\/"}]}},"acf":[],"_links":{"self":[{"href":"https:\/\/chastel-marechal.com\/en\/wp-json\/wp\/v2\/posts\/9317","targetHints":{"allow":["GET"]}}],"collection":[{"href":"https:\/\/chastel-marechal.com\/en\/wp-json\/wp\/v2\/posts"}],"about":[{"href":"https:\/\/chastel-marechal.com\/en\/wp-json\/wp\/v2\/types\/post"}],"author":[{"embeddable":true,"href":"https:\/\/chastel-marechal.com\/en\/wp-json\/wp\/v2\/users\/2"}],"replies":[{"embeddable":true,"href":"https:\/\/chastel-marechal.com\/en\/wp-json\/wp\/v2\/comments?post=9317"}],"version-history":[{"count":9,"href":"https:\/\/chastel-marechal.com\/en\/wp-json\/wp\/v2\/posts\/9317\/revisions"}],"predecessor-version":[{"id":11998,"href":"https:\/\/chastel-marechal.com\/en\/wp-json\/wp\/v2\/posts\/9317\/revisions\/11998"}],"wp:featuredmedia":[{"embeddable":true,"href":"https:\/\/chastel-marechal.com\/en\/wp-json\/wp\/v2\/media\/11956"}],"wp:attachment":[{"href":"https:\/\/chastel-marechal.com\/en\/wp-json\/wp\/v2\/media?parent=9317"}],"wp:term":[{"taxonomy":"category","embeddable":true,"href":"https:\/\/chastel-marechal.com\/en\/wp-json\/wp\/v2\/categories?post=9317"},{"taxonomy":"post_tag","embeddable":true,"href":"https:\/\/chastel-marechal.com\/en\/wp-json\/wp\/v2\/tags?post=9317"}],"curies":[{"name":"wp","href":"https:\/\/api.w.org\/{rel}","templated":true}]}}